{"id":936,"date":"2018-04-13T07:08:50","date_gmt":"2018-04-13T10:08:50","guid":{"rendered":"https:\/\/ajubemge.com.br\/site2\/?p=936"},"modified":"2018-04-13T07:08:50","modified_gmt":"2018-04-13T10:08:50","slug":"dormir-pouco-pode-aumentar-risco-de-alzheimer","status":"publish","type":"post","link":"https:\/\/ajubemge.com.br\/site2\/dormir-pouco-pode-aumentar-risco-de-alzheimer\/","title":{"rendered":"Dormir pouco pode aumentar risco de Alzheimer"},"content":{"rendered":"<p>Padr\u00f5es de sono inconstantes podem estar ligados ao aumento do\u00a0<strong>risco de\u00a0Alzheimer.\u00a0<\/strong>\u00c9\u00a0o que sugere um estudo preliminar realizado\u00a0pelo Instituto Nacional de Sa\u00fade dos Estados Unidos.\u00a0<a href=\"http:\/\/www.pnas.org\/content\/early\/2018\/03\/29\/1721694115\" target=\"_blank\" rel=\"noopener\" data-id=\"54\" data-m=\"{&quot;i&quot;:54,&quot;p&quot;:50,&quot;n&quot;:&quot;partnerLink&quot;,&quot;y&quot;:24,&quot;o&quot;:4}\">Segundo a pesquisa, publicada esta semana na revista\u00a0<em>Proceedings of National Academy of Sciences<\/em>,<\/a>\u00a0quando um indiv\u00edduo n\u00e3o descansa adequadamente, os n\u00edveis de uma subst\u00e2ncia t\u00f3xica no c\u00e9rebro aumentam, podendo causar doen\u00e7as que prejudicam a mem\u00f3ria.<\/p>\n<p>Os resultados do estudo apontaram que ap\u00f3s uma noite de\u00a0<strong>priva\u00e7\u00e3o de sono<\/strong>, os participantes apresentaram n\u00edveis muito altos de beta-amiloide, uma prote\u00edna conhecida por ser um fator de risco para o Alzheimer, em compara\u00e7\u00e3o aos n\u00edveis encontrados em pessoas que tiveram uma boa noite de sono.<\/p>\n<h3>A pesquisa<\/h3>\n<p>De acordo com\u00a0<em>The Irish Times<\/em>, o exame preliminar acompanhou 20 participantes saud\u00e1veis, com idades entre 22 e 72 anos, ao longo de duas noites. A pesquisa descobriu que houve um aumento significativo \u2013 cerca de 5% \u2013 nos n\u00edveis de beta-amiloide dos volunt\u00e1rios privados de sono durante a noite.\u00a0\u201cO aumento da beta-amiloide que vimos nos c\u00e9rebros das pessoas\u00a0 provavelmente \u00e9 um processo prejudicial. Podemos concluir que maus h\u00e1bitos de sono criariam um risco para o Alzheimer\u201d, disse o m\u00e9dico\u00a0Ehsan Shokri-Kojori, l\u00edder do estudo.<\/p>\n<p>Esta \u00e9 a primeira vez que essas altera\u00e7\u00f5es cerebrais ligadas \u00e0 condi\u00e7\u00e3o\u00a0s\u00e3o estudadas ap\u00f3s uma noite de\u00a0<strong>ins\u00f4nia<\/strong>\u00a0em um c\u00e9rebro humano.<\/p>\n<p>Estudos sobre os n\u00edveis de beta-amiloide em determinados grupos de indiv\u00edduos apontaram que pessoas com leve perda de mem\u00f3ria possuem 21% a mais dessa prote\u00edna em seus c\u00e9rebros do que pessoas saud\u00e1veis; j\u00e1 aquelas com Alzheimer\u00a0t\u00eam 43% a mais de beta-amiloide do que pessoas sem a doen\u00e7a. Para os autores, o sono pode desempenhar um papel importante no sistema natural de elimina\u00e7\u00e3o de res\u00edduos, acabando com o material potencialmente nocivo do c\u00e9rebro, inclusive a beta-amiloide.<\/p>\n<p>Entretanto, como o estudo n\u00e3o comprovou se os efeitos de uma noite sem\u00a0dormir\u00a0s\u00e3o duradouros ou s\u00f3 podem ser vistos apenas durante dia seguinte, ele recebeu cr\u00edticas de outros pesquisadores estudiosos do Alzheimer.<\/p>\n<h3>Cr\u00edticas ao estudo<\/h3>\n<p>Apesar de concordar com a descoberta, o diretor\u00a0cient\u00edfico da Alzheimer\u2019s Research UK, o m\u00e9dico David Reynolds, afirmou que o estudo n\u00e3o analisou o porqu\u00ea de\u00a0uma noite de sono melhor influenciar na diminui\u00e7\u00e3o dos n\u00edveis de beta amiloide.\u00a0\u201cDescobrir mais sobre como o c\u00e9rebro processa esta prote\u00edna dar\u00e1 aos pesquisadores conhecimento vital enquanto eles trabalham em maneiras de limitar a forma\u00e7\u00e3o prejudicial de beta-amiloide que vemos na doen\u00e7a de Alzheimer\u201d, disse ele ao\u00a0<em>The Irish Times<\/em>.<\/p>\n<p>Ainda segundo Reynolds, embora haja uma s\u00e9rie de benef\u00edcios conhecidos para a sa\u00fade quando uma pessoa desfruta de uma boa noite de sono, mais pesquisas s\u00e3o necess\u00e1rias para analisar exatamente como certos padr\u00f5es de sono afetam o risco de Alzheimer a longo prazo.<\/p>\n<p>A professora Tara Spiers-Jones, cientista do Instituto de Pesquisa em Dem\u00eancia do Reino Unido ligado \u00e0 Universidade de Edimburgo, comentou que a pesquisa tem algumas defici\u00eancias, entre elas o n\u00famero muito pequeno de participantes. De acordo com ela, o\u00a0m\u00e9todo utilizado para medir a quantidade de prote\u00edna no c\u00e9rebro das pessoas detecta com precis\u00e3o grandes aglomera\u00e7\u00f5es de beta-amiloide, comumente vistas no c\u00e9rebro de pacientes com Alzheimer. No entanto, Tara disse que n\u00e3o \u00e9 poss\u00edvel saber se \u00e9 uma ferramenta precisa para medir os agrupamentos menores que podem ocorrer em pessoas saud\u00e1veis.<\/p>\n<p><em>Fonte: Veja<\/em><\/p>\n","protected":false},"excerpt":{"rendered":"<p>Padr\u00f5es de sono inconstantes podem estar ligados ao aumento do\u00a0risco de\u00a0Alzheimer.\u00a0\u00c9\u00a0o que sugere um estudo preliminar realizado\u00a0pelo Instituto Nacional de<\/p>\n","protected":false},"author":2,"featured_media":937,"comment_status":"open","ping_status":"open","sticky":false,"template":"","format":"standard","meta":{"footnotes":""},"categories":[7],"tags":[],"_mes":[],"_ano":[],"class_list":["post-936","post","type-post","status-publish","format-standard","has-post-thumbnail","hentry","category-saude"],"_links":{"self":[{"href":"https:\/\/ajubemge.com.br\/site2\/wp-json\/wp\/v2\/posts\/936","targetHints":{"allow":["GET"]}}],"collection":[{"href":"https:\/\/ajubemge.com.br\/site2\/wp-json\/wp\/v2\/posts"}],"about":[{"href":"https:\/\/ajubemge.com.br\/site2\/wp-json\/wp\/v2\/types\/post"}],"author":[{"embeddable":true,"href":"https:\/\/ajubemge.com.br\/site2\/wp-json\/wp\/v2\/users\/2"}],"replies":[{"embeddable":true,"href":"https:\/\/ajubemge.com.br\/site2\/wp-json\/wp\/v2\/comments?post=936"}],"version-history":[{"count":1,"href":"https:\/\/ajubemge.com.br\/site2\/wp-json\/wp\/v2\/posts\/936\/revisions"}],"predecessor-version":[{"id":938,"href":"https:\/\/ajubemge.com.br\/site2\/wp-json\/wp\/v2\/posts\/936\/revisions\/938"}],"wp:featuredmedia":[{"embeddable":true,"href":"https:\/\/ajubemge.com.br\/site2\/wp-json\/wp\/v2\/media\/937"}],"wp:attachment":[{"href":"https:\/\/ajubemge.com.br\/site2\/wp-json\/wp\/v2\/media?parent=936"}],"wp:term":[{"taxonomy":"category","embeddable":true,"href":"https:\/\/ajubemge.com.br\/site2\/wp-json\/wp\/v2\/categories?post=936"},{"taxonomy":"post_tag","embeddable":true,"href":"https:\/\/ajubemge.com.br\/site2\/wp-json\/wp\/v2\/tags?post=936"},{"taxonomy":"_mes","embeddable":true,"href":"https:\/\/ajubemge.com.br\/site2\/wp-json\/wp\/v2\/_mes?post=936"},{"taxonomy":"_ano","embeddable":true,"href":"https:\/\/ajubemge.com.br\/site2\/wp-json\/wp\/v2\/_ano?post=936"}],"curies":[{"name":"wp","href":"https:\/\/api.w.org\/{rel}","templated":true}]}}