{"id":8358,"date":"2025-04-02T09:57:59","date_gmt":"2025-04-02T12:57:59","guid":{"rendered":"https:\/\/ajubemge.com.br\/site2\/?p=8358"},"modified":"2025-04-02T10:00:20","modified_gmt":"2025-04-02T13:00:20","slug":"abril-azul-e-verde","status":"publish","type":"post","link":"https:\/\/ajubemge.com.br\/site2\/abril-azul-e-verde\/","title":{"rendered":"Abril Azul e Verde"},"content":{"rendered":"<p>Aten\u00e7\u00e3o ao Abril Azul e Verde: Duas Causas que Merecem Nosso Cuidado!<\/p>\n<p><strong>Abril Azul<\/strong> alerta para a conscientiza\u00e7\u00e3o sobre o autismo, refor\u00e7ando a import\u00e2ncia do diagn\u00f3stico precoce, inclus\u00e3o e respeito \u00e0s diferen\u00e7as. \u00c9 tempo de quebrar preconceitos e promover acolhimento \u00e0s pessoas no espectro autista e suas fam\u00edlias.<\/p>\n<p>J\u00e1 o <strong>Abril Verde<\/strong> chama aten\u00e7\u00e3o para a seguran\u00e7a e sa\u00fade no trabalho. A campanha visa prevenir acidentes e doen\u00e7as laborais, destacando a necessidade de ambientes seguros e pr\u00e1ticas que valorizem a vida.<\/p>\n<p>Ambas as causas refor\u00e7am a import\u00e2ncia de cuidar uns dos outros, seja na sociedade ou no ambiente profissional. Informe-se, compartilhe conhecimento e participe!<\/p>\n<p>\ud83d\udc99 Abril Azul: Autismo merece respeito e visibilidade.<br \/>\n\ud83d\udfe2 Abril Verde: Trabalho seguro \u00e9 direito de todos.<\/p>\n<p>&nbsp;<\/p>\n<p>#AbrilAzul #AbrilVerde #Consci\u00eanciaQueSalva<\/p>\n","protected":false},"excerpt":{"rendered":"<p>Aten\u00e7\u00e3o ao Abril Azul e Verde: Duas Causas que Merecem Nosso Cuidado! Abril Azul alerta para a conscientiza\u00e7\u00e3o sobre o<\/p>\n","protected":false},"author":3,"featured_media":8359,"comment_status":"closed","ping_status":"open","sticky":false,"template":"","format":"standard","meta":{"footnotes":""},"categories":[6,7],"tags":[],"_mes":[],"_ano":[],"class_list":["post-8358","post","type-post","status-publish","format-standard","has-post-thumbnail","hentry","category-noticias","category-saude"],"_links":{"self":[{"href":"https:\/\/ajubemge.com.br\/site2\/wp-json\/wp\/v2\/posts\/8358","targetHints":{"allow":["GET"]}}],"collection":[{"href":"https:\/\/ajubemge.com.br\/site2\/wp-json\/wp\/v2\/posts"}],"about":[{"href":"https:\/\/ajubemge.com.br\/site2\/wp-json\/wp\/v2\/types\/post"}],"author":[{"embeddable":true,"href":"https:\/\/ajubemge.com.br\/site2\/wp-json\/wp\/v2\/users\/3"}],"replies":[{"embeddable":true,"href":"https:\/\/ajubemge.com.br\/site2\/wp-json\/wp\/v2\/comments?post=8358"}],"version-history":[{"count":1,"href":"https:\/\/ajubemge.com.br\/site2\/wp-json\/wp\/v2\/posts\/8358\/revisions"}],"predecessor-version":[{"id":8360,"href":"https:\/\/ajubemge.com.br\/site2\/wp-json\/wp\/v2\/posts\/8358\/revisions\/8360"}],"wp:featuredmedia":[{"embeddable":true,"href":"https:\/\/ajubemge.com.br\/site2\/wp-json\/wp\/v2\/media\/8359"}],"wp:attachment":[{"href":"https:\/\/ajubemge.com.br\/site2\/wp-json\/wp\/v2\/media?parent=8358"}],"wp:term":[{"taxonomy":"category","embeddable":true,"href":"https:\/\/ajubemge.com.br\/site2\/wp-json\/wp\/v2\/categories?post=8358"},{"taxonomy":"post_tag","embeddable":true,"href":"https:\/\/ajubemge.com.br\/site2\/wp-json\/wp\/v2\/tags?post=8358"},{"taxonomy":"_mes","embeddable":true,"href":"https:\/\/ajubemge.com.br\/site2\/wp-json\/wp\/v2\/_mes?post=8358"},{"taxonomy":"_ano","embeddable":true,"href":"https:\/\/ajubemge.com.br\/site2\/wp-json\/wp\/v2\/_ano?post=8358"}],"curies":[{"name":"wp","href":"https:\/\/api.w.org\/{rel}","templated":true}]}}