{"id":7063,"date":"2022-09-26T11:55:22","date_gmt":"2022-09-26T14:55:22","guid":{"rendered":"https:\/\/ajubemge.com.br\/site2\/?p=7063"},"modified":"2022-09-26T13:48:54","modified_gmt":"2022-09-26T16:48:54","slug":"7-dicas-para-cuidar-da-saude-mental-dos-idosos","status":"publish","type":"post","link":"https:\/\/ajubemge.com.br\/site2\/7-dicas-para-cuidar-da-saude-mental-dos-idosos\/","title":{"rendered":"Dicas para cuidar da sa\u00fade mental dos idosos"},"content":{"rendered":"<p>Quem nunca ouviu ou se preocupou em cuidar do corpo com exerc\u00edcios f\u00edsicos e uma boa alimenta\u00e7\u00e3o, n\u00e3o \u00e9 mesmo? Essa preocupa\u00e7\u00e3o segue para a terceira idade, mas muita gente ainda esquece de outra quest\u00e3o que merece uma aten\u00e7\u00e3o especial: a sa\u00fade mental.<\/p>\n<p>Cuidar da mente \u00e9 t\u00e3o importante quanto cuidar do corpo, pois quando um n\u00e3o est\u00e1 saud\u00e1vel acaba trazendo consequ\u00eancias negativas para o outro. Problemas mentais podem refletir diretamente no corpo, despertando cansa\u00e7o, falta de energia e at\u00e9 mesmo desencadeando algumas doen\u00e7as, e o contr\u00e1rio tamb\u00e9m \u00e9 v\u00e1lido: a falta de um corpo saud\u00e1vel pode gerar sentimentos de tristeza, ansiedade e sensa\u00e7\u00e3o de incapacidade.<\/p>\n<p>Foi pensando na import\u00e2ncia da sa\u00fade mental de idosos para a qualidade de vida que decidimos fazer um conte\u00fado especial sobre o assunto. Ao longo deste post voc\u00ea vai conferir algumas dicas sobre como cuidar da sa\u00fade mental na terceira idade, fique com a gente para saber mais!<\/p>\n<p>A import\u00e2ncia dos cuidados com a sa\u00fade mental<br \/>\nCuidar da sa\u00fade mental \u00e9 um h\u00e1bito que deve acompanhar todas as fases da vida, mas pode se tornar ainda mais importante em momentos de adapta\u00e7\u00f5es como acontece na terceira idade. As limita\u00e7\u00f5es e os sentimentos trazidos pelas transforma\u00e7\u00f5es do processo natural de envelhecimento podem desencadear sensa\u00e7\u00f5es desafiadoras.<\/p>\n<p>A perda de pessoas pr\u00f3ximas, as mudan\u00e7as corporais e algumas limita\u00e7\u00f5es f\u00edsicas ou at\u00e9 mesmo mentais podem gerar algumas emo\u00e7\u00f5es negativas, que podem se tornar problemas mais graves como a depress\u00e3o. Em tempos de isolamento social isso pode se intensificar ainda mais.<\/p>\n<p>Idosos que moram sozinhos, por exemplo, precisam lidar com o desafio de estar longe da fam\u00edlia e ainda com uma liberdade mais limitada para sair de casa. Muitos v\u00e3o querer sair e nestes momentos \u00e9 preciso ter paci\u00eancia para explicar a situa\u00e7\u00e3o de maneira clara, sempre refor\u00e7ando o carinho que sente por ele e fazendo com que o idoso sinta-se acolhido e compreendido.<\/p>\n<p>Confira alguns sentimentos comuns na terceira idade:<\/p>\n<ul>\n<li>Solid\u00e3o<\/li>\n<li>Ansiedade<\/li>\n<li>Tristeza<\/li>\n<li>Sentimento de exclus\u00e3o<\/li>\n<li>Sentimento de incapacidade<\/li>\n<\/ul>\n<p>Fique atento aos sinais. Ao contr\u00e1rio das doen\u00e7as f\u00edsicas, os problemas que afetam a mente muitas vezes s\u00e3o silenciosos e n\u00e3o demonstram sinais t\u00e3o claros quanto \u00e0s marcas corporais ou sintomas facilmente identific\u00e1veis, por isso \u00e9 importante estar atento ao comportamento dos idosos para perceber qualquer altera\u00e7\u00e3o o quanto antes.<\/p>\n<p>Confira alguns sinais para ficar atento:<\/p>\n<ul>\n<li>Irritabilidade constante<\/li>\n<li>Afastamento<\/li>\n<li>Choros e des\u00e2nimo frequentes<\/li>\n<li>Falta de vontade ou energia para realizar atividades di\u00e1rias<\/li>\n<li>Mau humor e atitudes mais grosseiras ou at\u00e9 mesmo agressivas sem motivo<\/li>\n<li>Recusa a se levantar da cama<\/li>\n<\/ul>\n<p>Para quem convive com os idosos esse processo de aten\u00e7\u00e3o e identifica\u00e7\u00e3o pode ser mais simples, mas, mesmo se estiver longe, procure conversar diariamente com o idoso por mensagens, telefone ou videochamada e fique atento aos sinais que n\u00f3s listamos acima.<\/p>\n<p>Para ver a mat\u00e9ria completa acesse o site:<\/p>\n<p>&nbsp;<\/p>\n<blockquote class=\"wp-embedded-content\" data-secret=\"dKy4Rmhxrp\"><p><a href=\"https:\/\/clinicaportal.com.br\/cuidados-com-saude-mental-de-idosos\/\">7 dicas para cuidar da sa\u00fade mental dos idosos<\/a><\/p><\/blockquote>\n<p><iframe class=\"wp-embedded-content\" sandbox=\"allow-scripts\" security=\"restricted\" style=\"position: absolute; clip: rect(1px, 1px, 1px, 1px);\" title=\"&#8220;7 dicas para cuidar da sa\u00fade mental dos idosos&#8221; &#8212; Cl\u00ednica de Repouso Portal 8\" src=\"https:\/\/clinicaportal.com.br\/cuidados-com-saude-mental-de-idosos\/embed\/#?secret=UPB17KtFWW#?secret=dKy4Rmhxrp\" data-secret=\"dKy4Rmhxrp\" width=\"600\" height=\"338\" frameborder=\"0\" marginwidth=\"0\" marginheight=\"0\" scrolling=\"no\"><\/iframe><\/p>\n","protected":false},"excerpt":{"rendered":"<p>Quem nunca ouviu ou se preocupou em cuidar do corpo com exerc\u00edcios f\u00edsicos e uma boa alimenta\u00e7\u00e3o, n\u00e3o \u00e9 mesmo?<\/p>\n","protected":false},"author":3,"featured_media":7064,"comment_status":"closed","ping_status":"open","sticky":false,"template":"","format":"standard","meta":{"footnotes":""},"categories":[6,7],"tags":[],"_mes":[],"_ano":[],"class_list":["post-7063","post","type-post","status-publish","format-standard","has-post-thumbnail","hentry","category-noticias","category-saude"],"_links":{"self":[{"href":"https:\/\/ajubemge.com.br\/site2\/wp-json\/wp\/v2\/posts\/7063","targetHints":{"allow":["GET"]}}],"collection":[{"href":"https:\/\/ajubemge.com.br\/site2\/wp-json\/wp\/v2\/posts"}],"about":[{"href":"https:\/\/ajubemge.com.br\/site2\/wp-json\/wp\/v2\/types\/post"}],"author":[{"embeddable":true,"href":"https:\/\/ajubemge.com.br\/site2\/wp-json\/wp\/v2\/users\/3"}],"replies":[{"embeddable":true,"href":"https:\/\/ajubemge.com.br\/site2\/wp-json\/wp\/v2\/comments?post=7063"}],"version-history":[{"count":2,"href":"https:\/\/ajubemge.com.br\/site2\/wp-json\/wp\/v2\/posts\/7063\/revisions"}],"predecessor-version":[{"id":7066,"href":"https:\/\/ajubemge.com.br\/site2\/wp-json\/wp\/v2\/posts\/7063\/revisions\/7066"}],"wp:featuredmedia":[{"embeddable":true,"href":"https:\/\/ajubemge.com.br\/site2\/wp-json\/wp\/v2\/media\/7064"}],"wp:attachment":[{"href":"https:\/\/ajubemge.com.br\/site2\/wp-json\/wp\/v2\/media?parent=7063"}],"wp:term":[{"taxonomy":"category","embeddable":true,"href":"https:\/\/ajubemge.com.br\/site2\/wp-json\/wp\/v2\/categories?post=7063"},{"taxonomy":"post_tag","embeddable":true,"href":"https:\/\/ajubemge.com.br\/site2\/wp-json\/wp\/v2\/tags?post=7063"},{"taxonomy":"_mes","embeddable":true,"href":"https:\/\/ajubemge.com.br\/site2\/wp-json\/wp\/v2\/_mes?post=7063"},{"taxonomy":"_ano","embeddable":true,"href":"https:\/\/ajubemge.com.br\/site2\/wp-json\/wp\/v2\/_ano?post=7063"}],"curies":[{"name":"wp","href":"https:\/\/api.w.org\/{rel}","templated":true}]}}