{"id":6947,"date":"2022-09-14T14:30:48","date_gmt":"2022-09-14T17:30:48","guid":{"rendered":"https:\/\/ajubemge.com.br\/site2\/?p=6947"},"modified":"2022-10-05T10:02:58","modified_gmt":"2022-10-05T13:02:58","slug":"oficina-da-memoria-e-atencao-2","status":"publish","type":"post","link":"https:\/\/ajubemge.com.br\/site2\/oficina-da-memoria-e-atencao-2\/","title":{"rendered":"OFICINA DA MEM\u00d3RIA E ATEN\u00c7\u00c3O"},"content":{"rendered":"<p>Estaremos realizando a Oficina da Mem\u00f3ria e Aten\u00e7\u00e3o nos dias 16, 23 e 30 de setembro e 07 de outubro de 2022, sempre das 14 horas \u00e0s 15:30 em nossa sede. Para quem quiser participar pedimos que por favor entre em contato com a nossa secretaria para realizar a sua inscri\u00e7\u00e3o. A oficina ser\u00e1 coordenada pela fonoaudi\u00f3loga Talma Pereira que foi a entrevistada na nossa live do dia 27\/07, transmitida atrav\u00e9s do nosso canal do Youtube (quando foram abordados v\u00e1rios assuntos sobre o<br \/>\ntema). O valor por todo o curso ser\u00e1 de R$ 50,00.<\/p>\n<p>&nbsp;<\/p>\n<p><strong>FA\u00c7A SUA INSCRI\u00c7\u00c3O!<\/strong><\/p>\n<p>(31) 3201-9423<\/p>\n<p>(31) 98395-1069 (WhatsApp)<\/p>\n","protected":false},"excerpt":{"rendered":"<p>Estaremos realizando a Oficina da Mem\u00f3ria e Aten\u00e7\u00e3o nos dias 16, 23 e 30 de setembro e 07 de outubro<\/p>\n","protected":false},"author":7,"featured_media":6948,"comment_status":"closed","ping_status":"open","sticky":false,"template":"","format":"standard","meta":{"footnotes":""},"categories":[11,6,7],"tags":[],"_mes":[],"_ano":[],"class_list":["post-6947","post","type-post","status-publish","format-standard","has-post-thumbnail","hentry","category-eventos","category-noticias","category-saude"],"_links":{"self":[{"href":"https:\/\/ajubemge.com.br\/site2\/wp-json\/wp\/v2\/posts\/6947","targetHints":{"allow":["GET"]}}],"collection":[{"href":"https:\/\/ajubemge.com.br\/site2\/wp-json\/wp\/v2\/posts"}],"about":[{"href":"https:\/\/ajubemge.com.br\/site2\/wp-json\/wp\/v2\/types\/post"}],"author":[{"embeddable":true,"href":"https:\/\/ajubemge.com.br\/site2\/wp-json\/wp\/v2\/users\/7"}],"replies":[{"embeddable":true,"href":"https:\/\/ajubemge.com.br\/site2\/wp-json\/wp\/v2\/comments?post=6947"}],"version-history":[{"count":3,"href":"https:\/\/ajubemge.com.br\/site2\/wp-json\/wp\/v2\/posts\/6947\/revisions"}],"predecessor-version":[{"id":7080,"href":"https:\/\/ajubemge.com.br\/site2\/wp-json\/wp\/v2\/posts\/6947\/revisions\/7080"}],"wp:featuredmedia":[{"embeddable":true,"href":"https:\/\/ajubemge.com.br\/site2\/wp-json\/wp\/v2\/media\/6948"}],"wp:attachment":[{"href":"https:\/\/ajubemge.com.br\/site2\/wp-json\/wp\/v2\/media?parent=6947"}],"wp:term":[{"taxonomy":"category","embeddable":true,"href":"https:\/\/ajubemge.com.br\/site2\/wp-json\/wp\/v2\/categories?post=6947"},{"taxonomy":"post_tag","embeddable":true,"href":"https:\/\/ajubemge.com.br\/site2\/wp-json\/wp\/v2\/tags?post=6947"},{"taxonomy":"_mes","embeddable":true,"href":"https:\/\/ajubemge.com.br\/site2\/wp-json\/wp\/v2\/_mes?post=6947"},{"taxonomy":"_ano","embeddable":true,"href":"https:\/\/ajubemge.com.br\/site2\/wp-json\/wp\/v2\/_ano?post=6947"}],"curies":[{"name":"wp","href":"https:\/\/api.w.org\/{rel}","templated":true}]}}