{"id":6940,"date":"2022-09-14T14:26:47","date_gmt":"2022-09-14T17:26:47","guid":{"rendered":"https:\/\/ajubemge.com.br\/site2\/?p=6940"},"modified":"2022-09-14T14:27:12","modified_gmt":"2022-09-14T17:27:12","slug":"sancionada-lei-que-altera-forma-de-concessao-de-beneficios-do-inss","status":"publish","type":"post","link":"https:\/\/ajubemge.com.br\/site2\/sancionada-lei-que-altera-forma-de-concessao-de-beneficios-do-inss\/","title":{"rendered":"Sancionada lei que altera forma de concess\u00e3o de benef\u00edcios do INSS"},"content":{"rendered":"<p>O presidente Jair Bolsonaro sancionou, com vetos, a Lei n\u00ba 14.441\/22, que promove mudan\u00e7as no modelo de an\u00e1lise de pedidos de benef\u00edcios ao INSS, que exigem per\u00edcia m\u00e9dica.<\/p>\n<p>A norma foi publicada no Di\u00e1rio Oficial da Uni\u00e3o (DOU) desta segunda-feira, 5\/9.<\/p>\n<p>A lei dispensa a passagem por exame da per\u00edcia m\u00e9dica federal para requerimentos de aux\u00edlio por incapacidade tempor\u00e1ria (antigo aux\u00edlio-doen\u00e7a).<\/p>\n<p>Segundo o texto aprovado, um ato do minist\u00e9rio do Trabalho e Previd\u00eancia definir\u00e1 as condi\u00e7\u00f5es para a dispensa do exame, quando a concess\u00e3o ou n\u00e3o do aux\u00edlio por incapacidade tempor\u00e1ria estar\u00e1 sujeita \u00e0 an\u00e1lise de documentos apresentados pelo Segurado, inclu\u00eddos atestados e laudos m\u00e9dicos.<\/p>\n<p>Este mesmo procedimento foi utilizado 2020 e 2021, durante as restri\u00e7\u00f5es mais r\u00edgidas por causa da pandemia.<\/p>\n<p>A lei estende a possibilidade de an\u00e1lise apenas documental tamb\u00e9m \u00e0s per\u00edcias de acompanhamento, aquelas a que s\u00e3o submetidos os j\u00e1 benefici\u00e1rios desse aux\u00edlio e do aux\u00edlio-acidente ou da aposentadoria por incapacidade permanente, chamada anteriormente de aposentadoria por invalidez.<\/p>\n<p>Entretanto, caber\u00e1 ainda ao ato do minist\u00e9rio definir as situa\u00e7\u00f5es em que isso ser\u00e1 poss\u00edvel.<\/p>\n<p>Leia a mat\u00e9ria completa no link abaixo:<\/p>\n<p><a href=\"http:\/\/fapmg.org.br\/plus\/modulos\/noticias\/ler.php?cdnoticia=2398\">http:\/\/fapmg.org.br\/plus\/modulos\/noticias\/ler.php?cdnoticia=2398<\/a><\/p>\n","protected":false},"excerpt":{"rendered":"<p>O presidente Jair Bolsonaro sancionou, com vetos, a Lei n\u00ba 14.441\/22, que promove mudan\u00e7as no modelo de an\u00e1lise de pedidos<\/p>\n","protected":false},"author":7,"featured_media":6941,"comment_status":"closed","ping_status":"open","sticky":false,"template":"","format":"standard","meta":{"footnotes":""},"categories":[6,7],"tags":[],"_mes":[],"_ano":[],"class_list":["post-6940","post","type-post","status-publish","format-standard","has-post-thumbnail","hentry","category-noticias","category-saude"],"_links":{"self":[{"href":"https:\/\/ajubemge.com.br\/site2\/wp-json\/wp\/v2\/posts\/6940","targetHints":{"allow":["GET"]}}],"collection":[{"href":"https:\/\/ajubemge.com.br\/site2\/wp-json\/wp\/v2\/posts"}],"about":[{"href":"https:\/\/ajubemge.com.br\/site2\/wp-json\/wp\/v2\/types\/post"}],"author":[{"embeddable":true,"href":"https:\/\/ajubemge.com.br\/site2\/wp-json\/wp\/v2\/users\/7"}],"replies":[{"embeddable":true,"href":"https:\/\/ajubemge.com.br\/site2\/wp-json\/wp\/v2\/comments?post=6940"}],"version-history":[{"count":2,"href":"https:\/\/ajubemge.com.br\/site2\/wp-json\/wp\/v2\/posts\/6940\/revisions"}],"predecessor-version":[{"id":6943,"href":"https:\/\/ajubemge.com.br\/site2\/wp-json\/wp\/v2\/posts\/6940\/revisions\/6943"}],"wp:featuredmedia":[{"embeddable":true,"href":"https:\/\/ajubemge.com.br\/site2\/wp-json\/wp\/v2\/media\/6941"}],"wp:attachment":[{"href":"https:\/\/ajubemge.com.br\/site2\/wp-json\/wp\/v2\/media?parent=6940"}],"wp:term":[{"taxonomy":"category","embeddable":true,"href":"https:\/\/ajubemge.com.br\/site2\/wp-json\/wp\/v2\/categories?post=6940"},{"taxonomy":"post_tag","embeddable":true,"href":"https:\/\/ajubemge.com.br\/site2\/wp-json\/wp\/v2\/tags?post=6940"},{"taxonomy":"_mes","embeddable":true,"href":"https:\/\/ajubemge.com.br\/site2\/wp-json\/wp\/v2\/_mes?post=6940"},{"taxonomy":"_ano","embeddable":true,"href":"https:\/\/ajubemge.com.br\/site2\/wp-json\/wp\/v2\/_ano?post=6940"}],"curies":[{"name":"wp","href":"https:\/\/api.w.org\/{rel}","templated":true}]}}