{"id":625,"date":"2018-02-20T22:00:47","date_gmt":"2018-02-21T01:00:47","guid":{"rendered":"https:\/\/ajubemge.com.br\/site2\/?p=625"},"modified":"2018-03-01T22:05:30","modified_gmt":"2018-03-02T01:05:30","slug":"dados-importantes-sobre-a-febre-amarela","status":"publish","type":"post","link":"https:\/\/ajubemge.com.br\/site2\/dados-importantes-sobre-a-febre-amarela\/","title":{"rendered":"Dados importantes sobre a febre amarela"},"content":{"rendered":"<div><strong><span style=\"font-size: medium;\">Os novos casos de febre amarela no Brasil\u00a0 tem deixado muitas pessoas preocupadas e tamb\u00e9m com muitas d\u00favidas sobre a\u00a0 doen\u00e7a. Abaixo, seguem perguntas e respostas sobre a febre amarela:<\/span><\/strong><\/div>\n<div><\/div>\n<div><strong><span style=\"font-size: medium;\">H\u00e1 dois tipos de febre amarela, a silvestre e a urbana. Qual \u00e9 a diferen\u00e7a entre elas?<\/span><\/strong><\/div>\n<div><span style=\"font-size: medium;\">A silvestre \u00e9 disseminada pelos mosquitos Haemagogus e Sabethes, circulantes em matas, e n\u00e3o em cidades. A vers\u00e3o urbana \u00e9 transmitida pelo Aedes aegypti, o mesmo da dengue, do zika e da chikungunya. N\u00e3o h\u00e1 registro de febre amarela urbana no Brasil desde 1942. As mortes de agora foram causadas pela vers\u00e3o silvestre, unicamente.<\/span><\/div>\n<div><\/div>\n<div><strong><span style=\"font-size: medium;\">Existe a possibilidade de os mosquitos Haemagogus e Sabethes irem para a \u00e1rea urbana?<\/span><\/strong><\/div>\n<div><span style=\"font-size: medium;\">N\u00e3o. Os mosquitos Haemagogus e Sabethes s\u00e3o de g\u00eaneros diferentes, mas tem comportamentos parecidos. Eles vivem em \u00e1reas de florestas densas, com vegeta\u00e7\u00e3o abundante. Voam alto e geralmente ficam na copa das \u00e1rvores. Sua fonte principal de alimenta\u00e7\u00e3o \u00e9 o sangue dos macacos que est\u00e3o l\u00e1 em cima. Ou seja, est\u00e3o totalmente adaptados a h\u00e1bitos silvestres que n\u00e3o v\u00e3o encontrar na cidade.<\/span><\/div>\n<div><\/div>\n<div><strong><span style=\"font-size: medium;\">Por que a vers\u00e3o urbana \u00e9 um problema?<\/span><\/strong><\/div>\n<div><span style=\"font-size: medium;\">Porque seu potencial de dissemina\u00e7\u00e3o \u00e9 grande, na medida em que circularia nas cidades, em meio a um n\u00famero muito maior de pessoas.<\/span><\/div>\n<div><\/div>\n<div><strong><span style=\"font-size: medium;\">O macaco pode transmitir febre amarela?<\/span><\/strong><\/div>\n<div><span style=\"font-size: medium;\">N\u00e3o. A febre amarela n\u00e3o \u00e9 uma doen\u00e7a contagiosa, por isso sua transmiss\u00e3o n\u00e3o \u00e9 feita de animal para animal, tampouco de animal para humanos nem entre humanos. A \u00fanica forma de transmiss\u00e3o \u00e9 pela picada de mosquitos infectados.<\/span><\/div>\n<div><\/div>\n<div><strong><span style=\"font-size: medium;\">Qual \u00e9 o papel de primatas na transmiss\u00e3o?<\/span><\/strong><\/div>\n<div><span style=\"font-size: medium;\">Primatas podem se contaminar com o v\u00edrus, exercendo tamb\u00e9m o papel de hospedeiros. Se picados, os animais transmitem o v\u00edrus para o mosquito, aumentando, assim, os riscos de propaga\u00e7\u00e3o da doen\u00e7a.<\/span><\/div>\n<div><\/div>\n<div><strong><span style=\"font-size: medium;\">Se uma pessoa que foi infectada com febre amarela em uma \u00e1rea silvestre estiver no centro de S\u00e3o Paulo e for picada por um mosquito urbano, o Aedes aegypti, esse mosquito contrai o v\u00edrus e passa a espalhar a doen\u00e7a?<\/span><\/strong><\/div>\n<div><span style=\"font-size: medium;\">Sim e esse seria o in\u00edcio do ciclo urbano da doen\u00e7a. A febre amarela urbana acontece justamente quando o Aedes aegypti pica uma pessoa doente e depois pica outra pessoa suscept\u00edvel, transmitindo a doen\u00e7a. Exatamente como acontece com a dengue, zika e chikungunya. Por isso \u00e9 importante que todas as pessoas que moram ou frequentam \u00e1reas de risco se vacinem.<\/span><\/div>\n<div><\/div>\n<div><strong><span style=\"font-size: medium;\">J\u00e1 sou vacinado. Preciso repetir a dose?<\/span><\/strong><\/div>\n<div><span style=\"font-size: medium;\">N\u00e3o. Desde o in\u00edcio de 2017, o Brasil segue a recomenda\u00e7\u00e3o da OMS de uma \u00fanica dose. Ou seja, adultos vacinados n\u00e3o precisam repeti-la. Estudos cient\u00edficos demonstram que apenas uma dose \u00e9 suficiente para que o organismo continue com anticorpos o resto da vida.<\/span><\/div>\n<div><\/div>\n<div><strong><span style=\"font-size: medium;\">Quem precisa tomar a vacina?<\/span><\/strong><\/div>\n<div><span style=\"font-size: medium;\">O Minist\u00e9rio da Sa\u00fade recomenda a vacina\u00e7\u00e3o em crian\u00e7as a partir de 9 meses de idade (6 meses em \u00e1reas end\u00eamicas) e pessoas que moram pr\u00f3ximo a \u00e1reas de risco.<\/span><\/div>\n<div><\/div>\n<div><strong><span style=\"font-size: medium;\">Onde ela est\u00e1 dispon\u00edvel?<\/span><\/strong><\/div>\n<div><span style=\"font-size: medium;\">A vacina est\u00e1 dispon\u00edvel gratuitamente em unidades b\u00e1sicas de sa\u00fade da rede p\u00fablica. Tamb\u00e9m \u00e9 poss\u00edvel encontr\u00e1-la em cl\u00ednicas particulares, ao custo de cerca de 250 reais.<\/span><\/div>\n<div><\/div>\n<div><strong><span style=\"font-size: medium;\">Quem n\u00e3o deve tomar a vacina?<\/span><\/strong><\/div>\n<div><span style=\"font-size: medium;\">Crian\u00e7as com menos de 6 meses n\u00e3o devem tomar a vacina sob hip\u00f3tese nenhuma. M\u00e3es que est\u00e3o amamentando crian\u00e7as nessa idade tamb\u00e9m devem evitar se imunizar. Caso seja necess\u00e1ria a vacina\u00e7\u00e3o, o ideal \u00e9 ficar dez dias sem amamentar o beb\u00ea. Em crian\u00e7as entre 6 e 9 meses de idade, a vacina\u00e7\u00e3o s\u00f3 dever\u00e1 ser realizada mediante indica\u00e7\u00e3o m\u00e9dica. A mesma recomenda\u00e7\u00e3o vale para gestantes. Pacientes imunodeprimidos, como pessoas em tratamento quimioter\u00e1pico, radioter\u00e1pico, com aids ou que tomam corticoides em doses elevadas e pessoas com alergia grave a ovo tamb\u00e9m n\u00e3o devem se vacinar.<\/span><\/div>\n<div><\/div>\n<div><span style=\"font-size: medium;\">Fonte: Veja &#8211; Editora Abril e site da OMS (Organiza\u00e7\u00e3o Mundial da Sa\u00fade).<\/span><\/div>\n","protected":false},"excerpt":{"rendered":"<p>Os novos casos de febre amarela no Brasil\u00a0 tem deixado muitas pessoas preocupadas e tamb\u00e9m com muitas d\u00favidas sobre a\u00a0<\/p>\n","protected":false},"author":2,"featured_media":626,"comment_status":"open","ping_status":"open","sticky":false,"template":"","format":"standard","meta":{"footnotes":""},"categories":[7],"tags":[],"_mes":[],"_ano":[],"class_list":["post-625","post","type-post","status-publish","format-standard","has-post-thumbnail","hentry","category-saude"],"_links":{"self":[{"href":"https:\/\/ajubemge.com.br\/site2\/wp-json\/wp\/v2\/posts\/625","targetHints":{"allow":["GET"]}}],"collection":[{"href":"https:\/\/ajubemge.com.br\/site2\/wp-json\/wp\/v2\/posts"}],"about":[{"href":"https:\/\/ajubemge.com.br\/site2\/wp-json\/wp\/v2\/types\/post"}],"author":[{"embeddable":true,"href":"https:\/\/ajubemge.com.br\/site2\/wp-json\/wp\/v2\/users\/2"}],"replies":[{"embeddable":true,"href":"https:\/\/ajubemge.com.br\/site2\/wp-json\/wp\/v2\/comments?post=625"}],"version-history":[{"count":1,"href":"https:\/\/ajubemge.com.br\/site2\/wp-json\/wp\/v2\/posts\/625\/revisions"}],"predecessor-version":[{"id":627,"href":"https:\/\/ajubemge.com.br\/site2\/wp-json\/wp\/v2\/posts\/625\/revisions\/627"}],"wp:featuredmedia":[{"embeddable":true,"href":"https:\/\/ajubemge.com.br\/site2\/wp-json\/wp\/v2\/media\/626"}],"wp:attachment":[{"href":"https:\/\/ajubemge.com.br\/site2\/wp-json\/wp\/v2\/media?parent=625"}],"wp:term":[{"taxonomy":"category","embeddable":true,"href":"https:\/\/ajubemge.com.br\/site2\/wp-json\/wp\/v2\/categories?post=625"},{"taxonomy":"post_tag","embeddable":true,"href":"https:\/\/ajubemge.com.br\/site2\/wp-json\/wp\/v2\/tags?post=625"},{"taxonomy":"_mes","embeddable":true,"href":"https:\/\/ajubemge.com.br\/site2\/wp-json\/wp\/v2\/_mes?post=625"},{"taxonomy":"_ano","embeddable":true,"href":"https:\/\/ajubemge.com.br\/site2\/wp-json\/wp\/v2\/_ano?post=625"}],"curies":[{"name":"wp","href":"https:\/\/api.w.org\/{rel}","templated":true}]}}