{"id":5642,"date":"2022-08-01T10:13:06","date_gmt":"2022-08-01T13:13:06","guid":{"rendered":"https:\/\/ajubemge.com.br\/site2\/?p=5642"},"modified":"2022-08-01T10:13:08","modified_gmt":"2022-08-01T13:13:08","slug":"por-que-a-gente-esquece-de-beber-agua-no-frio-e-como-isso-faz-mal-a-saude","status":"publish","type":"post","link":"https:\/\/ajubemge.com.br\/site2\/por-que-a-gente-esquece-de-beber-agua-no-frio-e-como-isso-faz-mal-a-saude\/","title":{"rendered":"Por que a gente esquece de beber \u00e1gua no frio e como isso faz mal \u00e0 sa\u00fade?"},"content":{"rendered":"\n<p>Essencial para a exist\u00eancia de vida na Terra, a \u00e1gua cobre 70% da superf\u00edcie do planeta e representa 70% do peso do corpo. \u00c9 t\u00e3o primordial que o ser humano pode sobreviver por algumas semanas sem alimentos, mas \u00e9 imposs\u00edvel sobreviver por mais de poucos dias sem \u00e1gua. Em outras palavras, sem \u00e1gua n\u00e3o h\u00e1 vida. <\/p>\n\n\n\n<p>Mas se no ver\u00e3o \u00e9 t\u00e3o f\u00e1cil beber \u00e1gua, uma vez que o calor agu\u00e7a a sede, no tempo mais frio isso n\u00e3o ocorre com tanta frequ\u00eancia. &#8220;A desidrata\u00e7\u00e3o no inverno costuma ser mais grave do que nas outras esta\u00e7\u00f5es, pelo simples motivo de o organismo n\u00e3o perceber a sensa\u00e7\u00e3o de sede&#8221;, afirma a nutr\u00f3loga Marcella Garcez.<\/p>\n\n\n\n<p>A sede caracteriza-se pela vontade de beber \u00e1gua, que geralmente aparece quando o d\u00e9ficit de \u00e1gua corporal atinge de 1% a 3% e \u00e9 regulada por sistemas hormonais. Nos dias quentes, a percep\u00e7\u00e3o da sede \u00e9 mais evidente por causa da sensa\u00e7\u00e3o de calor e do conforto t\u00e9rmico e fisiol\u00f3gico causado pelo consumo de l\u00edquidos refrigerados. <\/p>\n\n\n\n<p>J\u00e1 quando est\u00e1 frio, geralmente ocorre uma menor percep\u00e7\u00e3o da sensa\u00e7\u00e3o de sede, em raz\u00e3o das baixas temperaturas, que alteram o sistema hormonal: a circula\u00e7\u00e3o sangu\u00ednea se concentra nos vasos centrais, preservando o calor do corpo e inibindo o aviso de sede.<\/p>\n\n\n\n<p>&#8220;Por isso, consumir l\u00edquidos nos dias frios, sem a sensa\u00e7\u00e3o de sede, \u00e9 t\u00e3o importante quanto nos dias quentes&#8221;, ressalta Garcez. Desidrata\u00e7\u00e3o x sede De fato, n\u00e3o se deve esperar sentir sede para tomar \u00e1gua, pois sentir sede \u00e9 um dos primeiros sinais de desidrata\u00e7\u00e3o. &#8220;No ver\u00e3o, o indiv\u00edduo elimina mais l\u00edquidos, principalmente no suor e, assim, perde mais l\u00edquido corporal, o que n\u00e3o acontece durante o inverno&#8221;, refor\u00e7a a nutricionista Vanessa Vieira Louren\u00e7o Costa. &#8220;Uma dica \u00e9 avaliar a cor da urina: \u00e9 preciso que esteja com cor amarelo-claro para considerarmos que o organismo est\u00e1 hidratado&#8221;, assegura a nefrologista Andrea Pio de Abreu.<\/p>\n\n\n\n<p>Para ver a mat\u00e9ria completa, acesso o link abaixo:<\/p>\n\n\n\n<p><a href=\"https:\/\/www.uol.com.br\/vivabem\/noticias\/redacao\/2022\/04\/21\/por-que-beber-agua-no-inverno-e-tao-importante-quanto-no-verao.htm\">https:\/\/www.uol.com.br\/vivabem\/noticias\/redacao\/2022\/04\/21\/por-que-beber-agua-no-inverno-e-tao-importante-quanto-no-verao.htm<\/a><\/p>\n","protected":false},"excerpt":{"rendered":"<p>Essencial para a exist\u00eancia de vida na Terra, a \u00e1gua cobre 70% da superf\u00edcie do planeta e representa 70% do<\/p>\n","protected":false},"author":3,"featured_media":5643,"comment_status":"closed","ping_status":"open","sticky":false,"template":"","format":"standard","meta":{"footnotes":""},"categories":[6,7],"tags":[],"_mes":[],"_ano":[],"class_list":["post-5642","post","type-post","status-publish","format-standard","has-post-thumbnail","hentry","category-noticias","category-saude"],"_links":{"self":[{"href":"https:\/\/ajubemge.com.br\/site2\/wp-json\/wp\/v2\/posts\/5642","targetHints":{"allow":["GET"]}}],"collection":[{"href":"https:\/\/ajubemge.com.br\/site2\/wp-json\/wp\/v2\/posts"}],"about":[{"href":"https:\/\/ajubemge.com.br\/site2\/wp-json\/wp\/v2\/types\/post"}],"author":[{"embeddable":true,"href":"https:\/\/ajubemge.com.br\/site2\/wp-json\/wp\/v2\/users\/3"}],"replies":[{"embeddable":true,"href":"https:\/\/ajubemge.com.br\/site2\/wp-json\/wp\/v2\/comments?post=5642"}],"version-history":[{"count":1,"href":"https:\/\/ajubemge.com.br\/site2\/wp-json\/wp\/v2\/posts\/5642\/revisions"}],"predecessor-version":[{"id":5644,"href":"https:\/\/ajubemge.com.br\/site2\/wp-json\/wp\/v2\/posts\/5642\/revisions\/5644"}],"wp:featuredmedia":[{"embeddable":true,"href":"https:\/\/ajubemge.com.br\/site2\/wp-json\/wp\/v2\/media\/5643"}],"wp:attachment":[{"href":"https:\/\/ajubemge.com.br\/site2\/wp-json\/wp\/v2\/media?parent=5642"}],"wp:term":[{"taxonomy":"category","embeddable":true,"href":"https:\/\/ajubemge.com.br\/site2\/wp-json\/wp\/v2\/categories?post=5642"},{"taxonomy":"post_tag","embeddable":true,"href":"https:\/\/ajubemge.com.br\/site2\/wp-json\/wp\/v2\/tags?post=5642"},{"taxonomy":"_mes","embeddable":true,"href":"https:\/\/ajubemge.com.br\/site2\/wp-json\/wp\/v2\/_mes?post=5642"},{"taxonomy":"_ano","embeddable":true,"href":"https:\/\/ajubemge.com.br\/site2\/wp-json\/wp\/v2\/_ano?post=5642"}],"curies":[{"name":"wp","href":"https:\/\/api.w.org\/{rel}","templated":true}]}}