{"id":3797,"date":"2020-08-29T03:03:22","date_gmt":"2020-08-29T06:03:22","guid":{"rendered":"https:\/\/ajubemge.com.br\/site2\/?p=3797"},"modified":"2022-04-14T12:30:43","modified_gmt":"2022-04-14T15:30:43","slug":"reabertura-das-agencias-do-inss-e-adiada","status":"publish","type":"post","link":"https:\/\/ajubemge.com.br\/site2\/reabertura-das-agencias-do-inss-e-adiada\/","title":{"rendered":"Reabertura das ag\u00eancias do INSS \u00e9 adiada"},"content":{"rendered":"<p>A Secretaria Especial de Previd\u00eancia e Trabalho do Minist\u00e9rio da Economia e do Instituto Nacional do<br \/>\nSeguro Social (INSS) decidiram adiar at\u00e9 o dia 14 de setembro o retorno gradual e seguro do atendimento<br \/>\npresencial nas Ag\u00eancias da Previd\u00eancia Social.<br \/>\nDesta forma, o atendimento exclusivo por meio de canais remotos ser\u00e1 tamb\u00e9m prorrogado at\u00e9 o dia<br \/>\n11 de setembro e continuar\u00e1 sendo realizado mesmo ap\u00f3s a reabertura das ag\u00eancias.<br \/>\nA reabertura gradual e segura ir\u00e1 considerar as especificidades de cada uma das Ag\u00eancias da<br \/>\nPrevid\u00eancia Social no pa\u00eds. Cada unidade dever\u00e1 avaliar o perfil do quadro de servidores e contratados,<br \/>\no volume de atendimentos realizados, a organiza\u00e7\u00e3o do espa\u00e7o f\u00edsico, as medidas de limpeza e os<br \/>\nequipamentos de prote\u00e7\u00e3o individual e coletiva.<\/p>\n","protected":false},"excerpt":{"rendered":"<p>A Secretaria Especial de Previd\u00eancia e Trabalho do Minist\u00e9rio da Economia e do Instituto Nacional do Seguro Social (INSS) decidiram<\/p>\n","protected":false},"author":2,"featured_media":3801,"comment_status":"closed","ping_status":"open","sticky":false,"template":"","format":"standard","meta":{"footnotes":""},"categories":[6],"tags":[],"_mes":[],"_ano":[],"class_list":["post-3797","post","type-post","status-publish","format-standard","has-post-thumbnail","hentry","category-noticias"],"_links":{"self":[{"href":"https:\/\/ajubemge.com.br\/site2\/wp-json\/wp\/v2\/posts\/3797","targetHints":{"allow":["GET"]}}],"collection":[{"href":"https:\/\/ajubemge.com.br\/site2\/wp-json\/wp\/v2\/posts"}],"about":[{"href":"https:\/\/ajubemge.com.br\/site2\/wp-json\/wp\/v2\/types\/post"}],"author":[{"embeddable":true,"href":"https:\/\/ajubemge.com.br\/site2\/wp-json\/wp\/v2\/users\/2"}],"replies":[{"embeddable":true,"href":"https:\/\/ajubemge.com.br\/site2\/wp-json\/wp\/v2\/comments?post=3797"}],"version-history":[{"count":1,"href":"https:\/\/ajubemge.com.br\/site2\/wp-json\/wp\/v2\/posts\/3797\/revisions"}],"predecessor-version":[{"id":3802,"href":"https:\/\/ajubemge.com.br\/site2\/wp-json\/wp\/v2\/posts\/3797\/revisions\/3802"}],"wp:featuredmedia":[{"embeddable":true,"href":"https:\/\/ajubemge.com.br\/site2\/wp-json\/wp\/v2\/media\/3801"}],"wp:attachment":[{"href":"https:\/\/ajubemge.com.br\/site2\/wp-json\/wp\/v2\/media?parent=3797"}],"wp:term":[{"taxonomy":"category","embeddable":true,"href":"https:\/\/ajubemge.com.br\/site2\/wp-json\/wp\/v2\/categories?post=3797"},{"taxonomy":"post_tag","embeddable":true,"href":"https:\/\/ajubemge.com.br\/site2\/wp-json\/wp\/v2\/tags?post=3797"},{"taxonomy":"_mes","embeddable":true,"href":"https:\/\/ajubemge.com.br\/site2\/wp-json\/wp\/v2\/_mes?post=3797"},{"taxonomy":"_ano","embeddable":true,"href":"https:\/\/ajubemge.com.br\/site2\/wp-json\/wp\/v2\/_ano?post=3797"}],"curies":[{"name":"wp","href":"https:\/\/api.w.org\/{rel}","templated":true}]}}