{"id":3655,"date":"2020-07-01T09:10:25","date_gmt":"2020-07-01T12:10:25","guid":{"rendered":"https:\/\/ajubemge.com.br\/site2\/?p=3655"},"modified":"2020-07-01T09:10:25","modified_gmt":"2020-07-01T12:10:25","slug":"inss-quem-tem-direito-ao-acrescimo-de-25-na-aposentadoria","status":"publish","type":"post","link":"https:\/\/ajubemge.com.br\/site2\/inss-quem-tem-direito-ao-acrescimo-de-25-na-aposentadoria\/","title":{"rendered":"INSS: Quem tem direito ao acr\u00e9scimo de 25% na aposentadoria?"},"content":{"rendered":"<p>Hoje vamos falar sobre como o aposentado pode conseguir o acr\u00e9scimo de 25% no valor da aposentadoria por invalidez e quais s\u00e3o as doen\u00e7as que d\u00e3o direito a essa porcentagem.<\/p>\n<p>Atualmente no brasil\u00a0 muitos\u00a0 idosos sofrem de Alzheimer e outras doen\u00e7as e nem imaginam que podem ter um acr\u00e9scimo de 25% no valor da aposentadoria por invalidez, e muitos tem grandes dificuldades em saber e entender seus direitos, por isso hoje vamos esclarecer algumas duvidas relacionadas a quem tem direito, e para aqueles idosos que s\u00e3o cuidados por cuidadores ou parentes, vamos explicar tamb\u00e9m como agir nesta situa\u00e7\u00e3o.<\/p>\n<h3>\u00a0QUEM TEM DIREITO A ESTE ACRESCIMO DE 25% NA APOSENTADORIA POR INVALIDEZ?<\/h3>\n<div class=\"wp-block-image\">\n<figure class=\"aligncenter size-large is-resized\"><img fetchpriority=\"high\" decoding=\"async\" class=\"wp-image-31463\" src=\"https:\/\/www.jornalcontabil.com.br\/wp-content\/uploads\/2018\/07\/inssjus.jpg\" sizes=\"(max-width: 489px) 100vw, 489px\" srcset=\"https:\/\/www.jornalcontabil.com.br\/wp-content\/uploads\/2018\/07\/inssjus.jpg 790w, https:\/\/www.jornalcontabil.com.br\/wp-content\/uploads\/2018\/07\/inssjus-300x186.jpg 300w, https:\/\/www.jornalcontabil.com.br\/wp-content\/uploads\/2018\/07\/inssjus-768x476.jpg 768w, https:\/\/www.jornalcontabil.com.br\/wp-content\/uploads\/2018\/07\/inssjus-356x220.jpg 356w, https:\/\/www.jornalcontabil.com.br\/wp-content\/uploads\/2018\/07\/inssjus-696x432.jpg 696w, https:\/\/www.jornalcontabil.com.br\/wp-content\/uploads\/2018\/07\/inssjus-677x420.jpg 677w\" alt=\"INSS\" width=\"489\" height=\"303\" \/><\/figure>\n<\/div>\n<ul>\n<li>Cegueira total<\/li>\n<li>Perda de no m\u00ednimo nove dedos das m\u00e3os<\/li>\n<li>Paralisia dos dois membros superiores ou inferiores;<\/li>\n<li>Perda dos membros inferiores, acima dos p\u00e9s, quando a pr\u00f3tese for imposs\u00edvel;<\/li>\n<li>Perda de uma das m\u00e3os e de dois p\u00e9s, ainda que a pr\u00f3tese seja poss\u00edvel<\/li>\n<li>Perda de um membro superior e outro inferior, quando a pr\u00f3tese for imposs\u00edvel;<\/li>\n<li>Altera\u00e7\u00e3o das faculdades mentais com grave perturba\u00e7\u00e3o da vida org\u00e2nica e social;<\/li>\n<li>Doen\u00e7a que exija perman\u00eancia cont\u00ednua no leito;<\/li>\n<li>Incapacidade permanente para as atividades da vida di\u00e1ria.<\/li>\n<\/ul>\n<p>Al\u00e9m desses, qualquer aposentado, que seja por invalidez, por doen\u00e7a, por tempo de contribui\u00e7\u00e3o,que seja incapacitado de exercer a sua vida laboral, pode requerer este acr\u00e9scimo de 25%. O Alzheimer por exemplo, tamb\u00e9m se encaixa neste requisito, por\u00e9m, a maioria dos pedidos s\u00e3o negados, por isso cabe ao segurado entrar com pedido judicial para requerer o benef\u00edcio.<\/p>\n<h3>COMO DEVE PROCEDER O CUIDADOR DO IDOSO, EM CASO DO PACIENTE N\u00c3O TIVER MAIS CONDI\u00c7\u00d5ES DE OPERAR O DINHEIRO?<\/h3>\n<div id=\"_ppads_video\"><\/div>\n<p>Em alguns casos, basta o cuidador ter a procura\u00e7\u00e3o de plenos poderes, mas o que aconselhamos \u00e9 a interditar o aposentado judicialmente, a interdi\u00e7\u00e3o tem como o objetivo proteger o aposentado.<\/p>\n<h3>COMO SOLICITAR ESSE ACRECIMO DE 25% NA APOSENTADORIA POR INVALIDEZ?<\/h3>\n<p><strong>Solicitar o benef\u00edcio<\/strong><\/p>\n<p>Basta o segurado fazer o requerimento\/agendamento pelo SITE DO INSS.<\/p>\n<ul>\n<li><strong>Para fazer o agendamento<\/strong><\/li>\n<\/ul>\n<p>basta acessar meu.inss.gov.br<\/p>\n<ul>\n<li><strong>Comparecer a per\u00edcia m\u00e9dica<\/strong><\/li>\n<\/ul>\n<p>O segurado deve comparecer no INSS para realizar a consulta, em casos espec\u00edficos onde o segurado n\u00e3o pode comparecer por motivos de sa\u00fade, ele dever\u00e1 aguardar o atendimento domiciliar.<\/p>\n<ul>\n<li><strong>Documentos necess\u00e1rios<\/strong><\/li>\n<li>CPF do interessado<\/li>\n<li>Procura\u00e7\u00e3o ou termo de representa\u00e7\u00e3o legal, documento de identifica\u00e7\u00e3o com foto e CPF do procurador ou representante, se houver.<\/li>\n<li>Documentos m\u00e9dicos que comprovam que o segurado se encontre dependente de terceiros.<\/li>\n<\/ul>\n<p><strong>Dica extra:\u00a0<\/strong>Compreenda e realize os procedimentos do INSS para usufruir dos benef\u00edcios da previd\u00eancia social.<\/p>\n<p>J\u00e1 pensou voc\u00ea saber tudo sobre o INSS desde os afastamentos at\u00e9 a solicita\u00e7\u00e3o da aposentadoria, e o melhor, tudo isso em\u00a0<strong>apenas um final de semana<\/strong>?<\/p>\n<p>Uma alternativa\u00a0<strong>r\u00e1pida e eficaz<\/strong>\u00a0\u00e9 o curso\u00a0<strong>INSS na pr\u00e1tica<\/strong>: Trata-se de um curso\u00a0<strong>r\u00e1pido<\/strong>, por\u00e9m\u00a0<strong>completo<\/strong>\u00a0e\u00a0<strong>detalhado<\/strong>\u00a0com tudo que voc\u00ea\u00a0precisa saber para\u00a0<strong>dominar as regras do INSS<\/strong>, procedimentos e normas de como levantar informa\u00e7\u00f5es e solicitar benef\u00edcios para voc\u00ea ou qualquer pessoa que precise. N\u00e3o perca tempo,\u00a0<strong><a href=\"https:\/\/bit.ly\/beneficiosinss\">clique aqui<\/a><\/strong>\u00a0e domine tudo sobre o INSS<\/p>\n<p>Fonte: Jornal Cont\u00e1bil<\/p>\n","protected":false},"excerpt":{"rendered":"<p>Hoje vamos falar sobre como o aposentado pode conseguir o acr\u00e9scimo de 25% no valor da aposentadoria por invalidez e<\/p>\n","protected":false},"author":2,"featured_media":879,"comment_status":"closed","ping_status":"open","sticky":false,"template":"","format":"standard","meta":{"footnotes":""},"categories":[6],"tags":[],"_mes":[],"_ano":[],"class_list":["post-3655","post","type-post","status-publish","format-standard","has-post-thumbnail","hentry","category-noticias"],"_links":{"self":[{"href":"https:\/\/ajubemge.com.br\/site2\/wp-json\/wp\/v2\/posts\/3655","targetHints":{"allow":["GET"]}}],"collection":[{"href":"https:\/\/ajubemge.com.br\/site2\/wp-json\/wp\/v2\/posts"}],"about":[{"href":"https:\/\/ajubemge.com.br\/site2\/wp-json\/wp\/v2\/types\/post"}],"author":[{"embeddable":true,"href":"https:\/\/ajubemge.com.br\/site2\/wp-json\/wp\/v2\/users\/2"}],"replies":[{"embeddable":true,"href":"https:\/\/ajubemge.com.br\/site2\/wp-json\/wp\/v2\/comments?post=3655"}],"version-history":[{"count":1,"href":"https:\/\/ajubemge.com.br\/site2\/wp-json\/wp\/v2\/posts\/3655\/revisions"}],"predecessor-version":[{"id":3656,"href":"https:\/\/ajubemge.com.br\/site2\/wp-json\/wp\/v2\/posts\/3655\/revisions\/3656"}],"wp:featuredmedia":[{"embeddable":true,"href":"https:\/\/ajubemge.com.br\/site2\/wp-json\/wp\/v2\/media\/879"}],"wp:attachment":[{"href":"https:\/\/ajubemge.com.br\/site2\/wp-json\/wp\/v2\/media?parent=3655"}],"wp:term":[{"taxonomy":"category","embeddable":true,"href":"https:\/\/ajubemge.com.br\/site2\/wp-json\/wp\/v2\/categories?post=3655"},{"taxonomy":"post_tag","embeddable":true,"href":"https:\/\/ajubemge.com.br\/site2\/wp-json\/wp\/v2\/tags?post=3655"},{"taxonomy":"_mes","embeddable":true,"href":"https:\/\/ajubemge.com.br\/site2\/wp-json\/wp\/v2\/_mes?post=3655"},{"taxonomy":"_ano","embeddable":true,"href":"https:\/\/ajubemge.com.br\/site2\/wp-json\/wp\/v2\/_ano?post=3655"}],"curies":[{"name":"wp","href":"https:\/\/api.w.org\/{rel}","templated":true}]}}