{"id":3192,"date":"2020-02-12T07:39:31","date_gmt":"2020-02-12T09:39:31","guid":{"rendered":"https:\/\/ajubemge.com.br\/site2\/?p=3192"},"modified":"2020-02-12T07:41:06","modified_gmt":"2020-02-12T09:41:06","slug":"publicada-portaria-que-reajusta-em-448-beneficios-do-inss","status":"publish","type":"post","link":"https:\/\/ajubemge.com.br\/site2\/publicada-portaria-que-reajusta-em-448-beneficios-do-inss\/","title":{"rendered":"Publicada portaria que reajusta em 4,48% benef\u00edcios do INSS"},"content":{"rendered":"<h3 class=\"col-10 offset-1 animated fadeInDown dealy-900 display-8 display-md-8 alt-font font-italic my-1 text-center\">Medida est\u00e1 no Di\u00e1rio Oficial desta ter\u00e7a-feira<\/h3>\n<div class=\"post-item-wrap\">\n<p>Os benef\u00edcios pagos pelo Instituto Nacional do Seguro Social (INSS) ser\u00e3o reajustados, em 4,48%. A decis\u00e3o \u00e9 retroativa a 1\u00b0 de janeiro de 2020. Com isso, a partir de 1\u00ba de fevereiro, o sal\u00e1rio de benef\u00edcio e o sal\u00e1rio de contribui\u00e7\u00e3o n\u00e3o poder\u00e3o ser inferiores a R$ 1.045,00 nem superiores a R$ 6.101,06.<\/p>\n<p>O reajuste atinge as pens\u00f5es especiais pagas \u00e0s v\u00edtimas da s\u00edndrome da talidomida, \u00e0s pessoas atingidas pela hansen\u00edase e aos benef\u00edcios de presta\u00e7\u00e3o continuada pagos pelo INSS correspondentes a aposentadorias, aux\u00edlio-doen\u00e7a e pens\u00e3o por morte.<\/p>\n<h2>Portaria<\/h2>\n<p>A portaria que trata dos reajustes dos benef\u00edcios do INSS est\u00e1 publicada no<a href=\"http:\/\/www.in.gov.br\/web\/dou\/-\/portaria-n-3.659-de-10-de-fevereiro-de-2020-242573505\"><em>\u00a0Di\u00e1rio Oficial da Uni\u00e3o\u00a0<\/em><\/a>desta ter\u00e7a-feira (11).<\/p>\n<p>Ela prev\u00ea ainda que o valor da cota do sal\u00e1rio-fam\u00edlia por filho ou equiparado de qualquer condi\u00e7\u00e3o, at\u00e9 14 anos de idade, ou inv\u00e1lido de qualquer idade, a partir de 1\u00ba de janeiro de 2020, \u00e9 de R$ 48,62 para o segurado com remunera\u00e7\u00e3o mensal n\u00e3o superior a R$ 1.425,56.<\/p>\n<\/div>\n<p class=\"alt-font font-italic my-2 small text-info\">Edi\u00e7\u00e3o: A\u00e9cio Amado<\/p>\n<p>&nbsp;<\/p>\n<p><em>Fonte: Ag\u00eancia Brasil<\/em><\/p>\n","protected":false},"excerpt":{"rendered":"<p>Medida est\u00e1 no Di\u00e1rio Oficial desta ter\u00e7a-feira Os benef\u00edcios pagos pelo Instituto Nacional do Seguro Social (INSS) ser\u00e3o reajustados, em<\/p>\n","protected":false},"author":2,"featured_media":2036,"comment_status":"closed","ping_status":"open","sticky":false,"template":"","format":"standard","meta":{"footnotes":""},"categories":[6],"tags":[],"_mes":[],"_ano":[],"class_list":["post-3192","post","type-post","status-publish","format-standard","has-post-thumbnail","hentry","category-noticias"],"_links":{"self":[{"href":"https:\/\/ajubemge.com.br\/site2\/wp-json\/wp\/v2\/posts\/3192","targetHints":{"allow":["GET"]}}],"collection":[{"href":"https:\/\/ajubemge.com.br\/site2\/wp-json\/wp\/v2\/posts"}],"about":[{"href":"https:\/\/ajubemge.com.br\/site2\/wp-json\/wp\/v2\/types\/post"}],"author":[{"embeddable":true,"href":"https:\/\/ajubemge.com.br\/site2\/wp-json\/wp\/v2\/users\/2"}],"replies":[{"embeddable":true,"href":"https:\/\/ajubemge.com.br\/site2\/wp-json\/wp\/v2\/comments?post=3192"}],"version-history":[{"count":1,"href":"https:\/\/ajubemge.com.br\/site2\/wp-json\/wp\/v2\/posts\/3192\/revisions"}],"predecessor-version":[{"id":3193,"href":"https:\/\/ajubemge.com.br\/site2\/wp-json\/wp\/v2\/posts\/3192\/revisions\/3193"}],"wp:featuredmedia":[{"embeddable":true,"href":"https:\/\/ajubemge.com.br\/site2\/wp-json\/wp\/v2\/media\/2036"}],"wp:attachment":[{"href":"https:\/\/ajubemge.com.br\/site2\/wp-json\/wp\/v2\/media?parent=3192"}],"wp:term":[{"taxonomy":"category","embeddable":true,"href":"https:\/\/ajubemge.com.br\/site2\/wp-json\/wp\/v2\/categories?post=3192"},{"taxonomy":"post_tag","embeddable":true,"href":"https:\/\/ajubemge.com.br\/site2\/wp-json\/wp\/v2\/tags?post=3192"},{"taxonomy":"_mes","embeddable":true,"href":"https:\/\/ajubemge.com.br\/site2\/wp-json\/wp\/v2\/_mes?post=3192"},{"taxonomy":"_ano","embeddable":true,"href":"https:\/\/ajubemge.com.br\/site2\/wp-json\/wp\/v2\/_ano?post=3192"}],"curies":[{"name":"wp","href":"https:\/\/api.w.org\/{rel}","templated":true}]}}