{"id":2680,"date":"2019-09-24T06:09:56","date_gmt":"2019-09-24T09:09:56","guid":{"rendered":"https:\/\/ajubemge.com.br\/site2\/?p=2680"},"modified":"2019-09-24T06:10:30","modified_gmt":"2019-09-24T09:10:30","slug":"quase-2-milhoes-precisam-fazer-recadastramento-anual-do-inss","status":"publish","type":"post","link":"https:\/\/ajubemge.com.br\/site2\/quase-2-milhoes-precisam-fazer-recadastramento-anual-do-inss\/","title":{"rendered":"Quase 2 milh\u00f5es precisam fazer recadastramento anual do INSS"},"content":{"rendered":"<h2 class=\"c-content-head__subtitle\">Em julho, 372 mil benef\u00edcios foram bloqueados, suspensos ou cortados por falta de comprova\u00e7\u00e3o de vida<\/h2>\n<p>O\u00a0INSS\u00a0(Instituto Nacional do Seguro Social) publicou, no \u201cDi\u00e1rio Oficial da Uni\u00e3o\u201d da \u00faltima ter\u00e7a-feira (3), uma resolu\u00e7\u00e3o regulando o\u00a0<a href=\"https:\/\/agora.folha.uol.com.br\/grana\/2019\/07\/veja-como-fazer-a-prova-de-vida-para-nao-perder-o-beneficio.shtml\">procedimento de p<\/a>r<a href=\"https:\/\/agora.folha.uol.com.br\/grana\/2019\/07\/veja-como-fazer-a-prova-de-vida-para-nao-perder-o-beneficio.shtml\">ova de vida<\/a>, no qual o segurado renova a senha banc\u00e1ria e, com isso, confirma ao \u00f3rg\u00e3o que deve continuar recebendo o benef\u00edcio. A atualiza\u00e7\u00e3o cadastral deve ser feita a cada 12 meses.<\/p>\n<p>Segundo o instituto, 1,9 milh\u00e3o de benef\u00edcios est\u00e3o pendentes da realiza\u00e7\u00e3o da f\u00e9 de vida no Brasil e, por isso, correm o risco de serem bloqueados, suspensos ou cortados. No estado de S\u00e3o Paulo, 394 mil benef\u00edcios est\u00e3o com essa pend\u00eancia.<\/p>\n<p>Quanto aos benef\u00edcios que j\u00e1 est\u00e3o com o pagamento comprometido, o montante chega a 372 mil no Brasil e 92 mil no estado, apenas em julho, diz o INSS.<\/p>\n<div>\n<div class=\"js-gallery-widget\">\n<figure class=\"gallery-widget-pre\"><a class=\"gallery-widget-pre__link\" href=\"https:\/\/fotografia.folha.uol.com.br\/galerias\/1643704591603375-veja-regras-para-comprovacao-de-vida-do-inss\"><img decoding=\"async\" class=\"gallery-widget-pre__photo\" src=\"https:\/\/f.i.uol.com.br\/fotografia\/2019\/06\/08\/15599736675cfb4f23eb106_1559973667_3x2_md.jpg\" alt=\"Veja regras para comprova\u00e7\u00e3o de vida do INSS \" \/><\/a><\/figure>\n<div class=\"gallery-widget is-hidden\" data-channel=\"grana\">\n<div class=\"gallery-widget__header is-hidden rs_skip\">\n<h3 class=\"gallery-widget__header-title\"><\/h3>\n<\/div>\n<\/div>\n<\/div>\n<\/div>\n<p>A nova medida define crit\u00e9rios para a dispensa do comparecimento ao banco.<\/p>\n<p>Antes, idosos acima de 60 anos podiam agendar o atendimento para alguma das ag\u00eancias do INSS. Agora, todos os benefici\u00e1rios, independentemente de idade, precisam fazer a\u00a0comprova\u00e7\u00e3o de vida\u00a0na ag\u00eancia banc\u00e1ria em que recebem o benef\u00edcio, a n\u00e3o ser por duas exce\u00e7\u00f5es.<\/p>\n<p>A primeira \u00e9 para aqueles que podem agendar visita de representante do instituto \u00e0 sua casa ou local indicado pelo benefici\u00e1rio no requerimento feito ao INSS. Essa op\u00e7\u00e3o vale para quem tem mais de 80 anos ou tem problema de locomo\u00e7\u00e3o.<\/p>\n<p>A solicita\u00e7\u00e3o pode ser feita pela Central 135 (telefone) ou pelo Meu INSS (<a href=\"https:\/\/meu.inss.gov.br\/central\/#\/\">meu.inss.gov.br<\/a>).<\/p>\n<p>A segunda exce\u00e7\u00e3o \u00e9 para quem pode fazer a\u00a0prova de vida\u00a0por meio de procurador ou representante legal.<br \/>\nEssa op\u00e7\u00e3o vale quando o titular do benef\u00edcio estiver ausente do pa\u00eds, for portador de doen\u00e7a contagiosa, tiver dificuldades de locomo\u00e7\u00e3o ou tiver mais de 80 anos.<\/p>\n<p>Nestes\u00a0casos, o representante precisa estar cadastrado no INSS por meio do link:\u00a0<a href=\"https:\/\/www.inss.gov.br\/servicos-do-inss\/cadastrar-ou-renovar-procuracao\">inss.gov.br\/servicos-do-inss\/cadastrar-ou-renovar-procuracao<\/a>.<\/p>\n<h3 class=\"c-news__subtitle\">Atualiza\u00e7\u00e3o anual obrigat\u00f3ria | Prova de vida<\/h3>\n<ul>\n<li>Desde 2012, os segurados do INSS devem comprovar que est\u00e3o vivos para manter o benef\u00edcio ativo<\/li>\n<li>O procedimento \u00e9 chamado de prova de vida ou f\u00e9 de vida e \u00e9 obrigat\u00f3rio<\/li>\n<\/ul>\n<h3 class=\"c-news__subtitle\">Quando deve ser feito?<\/h3>\n<ul>\n<li>\u00c9 preciso provar, ao menos uma vez a cada 12 meses, que est\u00e1 vivo<\/li>\n<li>A data-limite depende de cada banco\n<ul>\n<li>\u200bH\u00e1 bancos que utilizam a data do anivers\u00e1rio do benefici\u00e1rio<\/li>\n<li>Outros usam a de anivers\u00e1rio do benef\u00edcio como prazo para comparecer \u00e0 rede banc\u00e1ria com os documentos<\/li>\n<li>Alguns deles convocam o segurado no m\u00eas que antecede o vencimento da f\u00e9 de vida<\/li>\n<\/ul>\n<\/li>\n<\/ul>\n<h3 class=\"c-news__subtitle\">Onde se apresentar?<\/h3>\n<ul>\n<li>Basta ir diretamente ao banco em que recebe o benef\u00edcio, com um documento de identifica\u00e7\u00e3o com foto<\/li>\n<li>Pode ser carteira de identidade, carteira de trabalho, CNH (Carteira Nacional de Habilita\u00e7\u00e3o) ou outros<\/li>\n<li>Algumas institui\u00e7\u00f5es financeiras j\u00e1 utilizam a tecnologia de biometria nos caixas eletr\u00f4nicos<\/li>\n<li><\/li>\n<\/ul>\n<div>\n<div class=\"js-gallery-widget\">\n<figure class=\"gallery-widget-pre\"><a class=\"gallery-widget-pre__link\" href=\"https:\/\/fotografia.folha.uol.com.br\/galerias\/1638715458063837-principais-mudancas-da-reforma-para-os-trabalhadores-do-inss\"><img decoding=\"async\" class=\"gallery-widget-pre__photo\" src=\"https:\/\/f.i.uol.com.br\/fotografia\/2019\/07\/10\/15628082985d268feace6b0_1562808298_3x2_md.jpg\" alt=\"Principais mudan\u00e7as da reforma para os trabalhadores do INSS\" \/><\/a><\/figure>\n<div class=\"gallery-widget is-hidden\" data-channel=\"grana\">\n<div class=\"gallery-widget__header is-hidden rs_skip\">\n<h3 class=\"gallery-widget__header-title\"><\/h3>\n<\/div>\n<div class=\"gallery-widget__content\">\n<div class=\"gallery-widget-carousel is-hidden\"><\/div>\n<\/div>\n<div class=\"gallery-widget__loading rs_skip\"><\/div>\n<\/div>\n<\/div>\n<\/div>\n<h3 class=\"c-news__subtitle\">Benefici\u00e1rios precisam fazer prova de vida na ag\u00eancia banc\u00e1ria<\/h3>\n<ul>\n<li>Antes, idosos acima de 60 anos podiam agendar para serem atendidos em uma ag\u00eancia do INSS<\/li>\n<li>Com a resolu\u00e7\u00e3o publicada nesta ter\u00e7a (3), essa op\u00e7\u00e3o n\u00e3o existe mais<\/li>\n<li>Agora, todos os benefici\u00e1rios precisam fazer a comprova\u00e7\u00e3o de vida na ag\u00eancia banc\u00e1ria em que recebem o benef\u00edcio<\/li>\n<\/ul>\n<h3 class=\"c-news__subtitle\">Quem n\u00e3o precisa ir ao banco<\/h3>\n<p><strong>1) Agendamento de visita de representante do INSS<\/strong><\/p>\n<ul>\n<li>Segurados que tenham 80 anos ou mais ou problema de locomo\u00e7\u00e3o podem agendar a visita de um representante do INSS \u00e0 sua resid\u00eancia ou local informado pelo benefici\u00e1rio no requerimento feito ao instituto<\/li>\n<li>O profissional, assim, poder\u00e1 atestar a \u201cprova de vida\u201d<\/li>\n<li>Essa solicita\u00e7\u00e3o pode ser feita pela Central 135 (telefone) ou pelo Meu INSS (<a href=\"https:\/\/meu.inss.gov.br\/central\/#\/\">https:\/\/meu.inss.gov.br\/<\/a>)<\/li>\n<\/ul>\n<p>O passo a passo para agendar prova de vida domiciliar ou hospitalar pelo Meu INSS \u00e9:<\/p>\n<p>A) No aplicativo ou pelo site, ap\u00f3s realizar o login com o CPF e a senha pessoal, o segurado deve clicar na op\u00e7\u00e3o\u00a0<strong>&#8220;Agendamentos\/Requerimentos&#8221;<\/strong><\/p>\n<p>B) Em seguida, clicar em\u00a0<strong>&#8220;Novo Requerimento&#8221;<\/strong><\/p>\n<p>C) Digitar na busca:\u00a0<strong>&#8220;prova de vida&#8221;<\/strong>. O resultado mostrar\u00e1 a op\u00e7\u00e3o\u00a0<strong>&#8220;Realizar Prova de Vida (situa\u00e7\u00e3o excepcional &#8211; atendimento presencial)&#8221;<\/strong><\/p>\n<p>D) O segurado deve enviar, pela internet, o atestado que comprove sua limita\u00e7\u00e3o<\/p>\n<p>E) \u00c9 preciso escolher o dia dispon\u00edvel e agendar a visita do servidor. Para maiores de 80 anos, n\u00e3o h\u00e1 necessidade de comprova\u00e7\u00e3o<\/p>\n<div>\n<div class=\"js-gallery-widget\">\n<figure class=\"gallery-widget-pre\"><a class=\"gallery-widget-pre__link\" href=\"https:\/\/fotografia.folha.uol.com.br\/galerias\/1636820057925367-calculadora-do-inss\"><img decoding=\"async\" class=\"gallery-widget-pre__photo\" src=\"https:\/\/f.i.uol.com.br\/fotografia\/2019\/06\/19\/15609933635d0ade5384943_1560993363_3x2_md.jpg\" alt=\"Como usar a calculadora da aposentadoria por idade\" \/><\/a><\/figure>\n<div class=\"gallery-widget is-hidden\" data-channel=\"grana\">\n<div class=\"gallery-widget__header is-hidden rs_skip\">\n<h3 class=\"gallery-widget__header-title\"><\/h3>\n<\/div>\n<div class=\"gallery-widget__content\">\n<div class=\"gallery-widget-carousel is-hidden\"><\/div>\n<\/div>\n<\/div>\n<\/div>\n<\/div>\n<p><strong>2) Procurador ou representante legal<\/strong>\u200b<\/p>\n<ul>\n<li>Os segurados com dificuldades de locomo\u00e7\u00e3o e idosos acima de 80 anos tamb\u00e9m podem fazer o recadastramento por meio de um procurador<\/li>\n<li>Essa op\u00e7\u00e3o tamb\u00e9m \u00e9 v\u00e1lida para quem est\u00e1 ausente do pa\u00eds ou com doen\u00e7a contagiosa<\/li>\n<li>Nesse caso, o procurador ou representante legal precisa estar previamente cadastrado no INSS pelo link:\u00a0<a href=\"https:\/\/www.inss.gov.br\/servicos-do-inss\/cadastrar-ou-renovar-procuracao\">https:\/\/www.inss.gov.br\/servicos-do-inss\/cadastrar-ou-renovar-procuracao<\/a><\/li>\n<\/ul>\n<h3 class=\"c-news__subtitle\">O que fazer se perder o prazo<\/h3>\n<ul>\n<li>V\u00e1 diretamente ao banco em que recebe o benef\u00edcio, com um documento de identifica\u00e7\u00e3o com foto<\/li>\n<li>Se o benef\u00edcio j\u00e1 tiver sido suspenso, ele voltar\u00e1 a ser pago<\/li>\n<li>Neste caso, os valores retidos tamb\u00e9m ser\u00e3o liberados<\/li>\n<\/ul>\n<h3 class=\"c-news__subtitle\">Fique atento<\/h3>\n<ul>\n<li>Quem n\u00e3o fizer a prova de vida no final de 12 meses da \u00faltima comprova\u00e7\u00e3o ter\u00e1 o pagamento do benef\u00edcio interrompido<\/li>\n<li>Ap\u00f3s seis meses sem comprova\u00e7\u00e3o de vida, o benef\u00edcio \u00e9 cortado<\/li>\n<\/ul>\n<p><em>Fonte: Folha<\/em><\/p>\n<p>&nbsp;<\/p>\n","protected":false},"excerpt":{"rendered":"<p>Em julho, 372 mil benef\u00edcios foram bloqueados, suspensos ou cortados por falta de comprova\u00e7\u00e3o de vida O\u00a0INSS\u00a0(Instituto Nacional do Seguro<\/p>\n","protected":false},"author":2,"featured_media":1951,"comment_status":"closed","ping_status":"open","sticky":false,"template":"","format":"standard","meta":{"footnotes":""},"categories":[6],"tags":[],"_mes":[],"_ano":[],"class_list":["post-2680","post","type-post","status-publish","format-standard","has-post-thumbnail","hentry","category-noticias"],"_links":{"self":[{"href":"https:\/\/ajubemge.com.br\/site2\/wp-json\/wp\/v2\/posts\/2680","targetHints":{"allow":["GET"]}}],"collection":[{"href":"https:\/\/ajubemge.com.br\/site2\/wp-json\/wp\/v2\/posts"}],"about":[{"href":"https:\/\/ajubemge.com.br\/site2\/wp-json\/wp\/v2\/types\/post"}],"author":[{"embeddable":true,"href":"https:\/\/ajubemge.com.br\/site2\/wp-json\/wp\/v2\/users\/2"}],"replies":[{"embeddable":true,"href":"https:\/\/ajubemge.com.br\/site2\/wp-json\/wp\/v2\/comments?post=2680"}],"version-history":[{"count":2,"href":"https:\/\/ajubemge.com.br\/site2\/wp-json\/wp\/v2\/posts\/2680\/revisions"}],"predecessor-version":[{"id":2682,"href":"https:\/\/ajubemge.com.br\/site2\/wp-json\/wp\/v2\/posts\/2680\/revisions\/2682"}],"wp:featuredmedia":[{"embeddable":true,"href":"https:\/\/ajubemge.com.br\/site2\/wp-json\/wp\/v2\/media\/1951"}],"wp:attachment":[{"href":"https:\/\/ajubemge.com.br\/site2\/wp-json\/wp\/v2\/media?parent=2680"}],"wp:term":[{"taxonomy":"category","embeddable":true,"href":"https:\/\/ajubemge.com.br\/site2\/wp-json\/wp\/v2\/categories?post=2680"},{"taxonomy":"post_tag","embeddable":true,"href":"https:\/\/ajubemge.com.br\/site2\/wp-json\/wp\/v2\/tags?post=2680"},{"taxonomy":"_mes","embeddable":true,"href":"https:\/\/ajubemge.com.br\/site2\/wp-json\/wp\/v2\/_mes?post=2680"},{"taxonomy":"_ano","embeddable":true,"href":"https:\/\/ajubemge.com.br\/site2\/wp-json\/wp\/v2\/_ano?post=2680"}],"curies":[{"name":"wp","href":"https:\/\/api.w.org\/{rel}","templated":true}]}}