{"id":2295,"date":"2019-05-29T06:19:27","date_gmt":"2019-05-29T09:19:27","guid":{"rendered":"https:\/\/ajubemge.com.br\/site2\/?p=2295"},"modified":"2019-05-29T06:19:27","modified_gmt":"2019-05-29T09:19:27","slug":"alzheimer-cerebro-comeca-a-mudar-30-anos-antes-do-diagnostico","status":"publish","type":"post","link":"https:\/\/ajubemge.com.br\/site2\/alzheimer-cerebro-comeca-a-mudar-30-anos-antes-do-diagnostico\/","title":{"rendered":"Alzheimer: c\u00e9rebro come\u00e7a a mudar 30 anos antes do diagn\u00f3stico"},"content":{"rendered":"<p>O\u00a0<strong>Alzheimer<\/strong>\u00a0\u00e9 uma doen\u00e7a neurodegenerativa que afeta milh\u00f5es de pessoas em todo mundo. Apesar dos esfor\u00e7os da comunidade m\u00e9dica, ainda n\u00e3o foi poss\u00edvel encontrar uma cura para o problema. Diversas pesquisas t\u00eam sido realizadas para encontrar formas de detectar a doen\u00e7a cada vez mais cedo, o que ajudaria a minimizar o impacto dos sintomas. Agora, um novo estudo descobriu que algumas mudan\u00e7as qu\u00edmicas e na anatomia no\u00a0<strong>c\u00e9rebro<\/strong>\u00a0ocorrem d\u00e9cadas antes do surgimento dos primeiros sintomas do Alzheimer. Isso significa que, se reconhecidos precocemente, esses sinais poderiam facilitar o in\u00edcio das interven\u00e7\u00f5es terap\u00eauticas e proporcionar maior qualidade de vida ao paciente.<\/p>\n<p>A\u00a0<a href=\"https:\/\/www.frontiersin.org\/articles\/10.3389\/fnagi.2019.00074\/full\" target=\"_blank\" rel=\"noopener noreferrer\" data-id=\"66\" data-m=\"{&quot;i&quot;:66,&quot;p&quot;:63,&quot;n&quot;:&quot;partnerLink&quot;,&quot;y&quot;:24,&quot;o&quot;:3}\">pesquisa<\/a>, publicada no peri\u00f3dico\u00a0<em>Frontiers in Aging Neuroscience,\u00a0<\/em>descobriu que uma das altera\u00e7\u00f5es se d\u00e1 nos n\u00edveis da\u00a0<strong>prote\u00edna Tau,\u00a0<\/strong>que come\u00e7am a elevar 34 anos antes do diagn\u00f3stico. Essa prote\u00edna \u00e9 conhecida como um dos principais indicadores da doen\u00e7a. Outras mudan\u00e7as acontecem no\u00a0<strong>lobo temporal<\/strong>, parte do c\u00e9rebro respons\u00e1vel pela\u00a0<strong>mem\u00f3ria<\/strong>\u00a0e pelo comportamento emocional. Nesta regi\u00e3o, as modifica\u00e7\u00f5es podem ser vistas at\u00e9 nove anos antes dos sintomas se manifestarem.<\/p>\n<p>Segundo os pesquisadores, as altera\u00e7\u00f5es acontecem ao longo dos anos e podem ser identificadas atrav\u00e9s de exames m\u00e9dicos peri\u00f3dicos.\u00a0\u201cNosso estudo sugere que pode ser poss\u00edvel usar imagens do c\u00e9rebro e an\u00e1lise do fluido espinhal para avaliar o risco de Alzheimer dez anos ou mais antes que ocorram os sintomas mais comuns, como decl\u00ednio cognitivo leve\u201d, disse Laurent Younes, principal autora do estudo, em\u00a0<a href=\"https:\/\/www.sciencedaily.com\/releases\/2019\/05\/190514104058.htm\" target=\"_blank\" rel=\"noopener noreferrer\" data-id=\"67\" data-m=\"{&quot;i&quot;:67,&quot;p&quot;:63,&quot;n&quot;:&quot;partnerLink&quot;,&quot;y&quot;:24,&quot;o&quot;:4}\">nota<\/a>.<\/p>\n<h3>Altera\u00e7\u00f5es cerebrais<\/h3>\n<p>A equipe\u00a0da Universidade Johns Hopkins, nos Estados Unidos, revisou registros m\u00e9dicos de 290 pessoas com idade m\u00e9dia de 40 anos. A maioria dos participantes tinha pelo menos um parente de primeiro grau diagnosticado com Alzheimer \u2013 o que aumenta o risco de desenvolver a condi\u00e7\u00e3o.<\/p>\n<p>Para a an\u00e1lise, foram verificadas amostras de<strong>\u00a0l\u00edquido cefalorraquidiano<\/strong>\u00a0(flu\u00eddo corporal produzido pelo c\u00e9rebro e coletado na espinha, onde ele tamb\u00e9m est\u00e1 presente). Tamb\u00e9m foram investigados resultados de resson\u00e2ncia magn\u00e9tica do c\u00e9rebro. Estes exames foram realizados a cada dois anos entre 1995 e 2013. Ainda foram feitos testes padr\u00f5es anualmente para examinar a mem\u00f3ria, aprendizagem, leitura e aten\u00e7\u00e3o dos participantes.<\/p>\n<p><strong>Decl\u00ednio cognitivo<\/strong><\/p>\n<p>No in\u00edcio do estudo, os participantes foram considerados \u201ccognitivamente normais\u201d, ou seja, sem a presen\u00e7a do Alzheimer; no entanto, ao fim da pesquisa, 81 pessoas haviam desenvolvido a doen\u00e7a. Nestes indiv\u00edduos, os cientistas notaram sinais de\u00a0<strong>comprometimento cognitivo<\/strong>\u00a0de 11 a 15 anos antes do in\u00edcio de qualquer sintoma. Eles foram percebidos a partir de pequenas mudan\u00e7as na pontua\u00e7\u00e3o dos testes cognitivos \u2013 embora os participantes tenham se mantido assintom\u00e1ticos.<\/p>\n<p><strong>Presen\u00e7a da Tau<\/strong><\/p>\n<p>Os exames analisados tamb\u00e9m revelaram que n\u00edveis mais altos da prote\u00edna Tau foram detectados 34 anos antes da apari\u00e7\u00e3o dos sintomas. Al\u00e9m disso, as concentra\u00e7\u00f5es da<strong>\u00a0tau fosforilada (p-tau)<\/strong>\u00a0\u2013 uma vers\u00e3o modificada da Tau \u2013 aumentaram 13 anos antes que o comprometimento cognitivo fosse percept\u00edvel.<\/p>\n<p><strong>Lobo temporal<\/strong><\/p>\n<p>A equipe ainda rastreou mudan\u00e7as cerebrais que aconteciam ao longo do tempo e descobriram que a taxa de mudan\u00e7a na superf\u00edcie medial do lobo temporal era diferente entre os participantes com e sem Alzheimer \u2013 essas altera\u00e7\u00f5es ocorreram de tr\u00eas a nove anos antes.<\/p>\n<h3>O que isso significa?<\/h3>\n<p>Os pesquisadores ressaltaram que as altera\u00e7\u00f5es cerebrais variam consideravelmente entre os indiv\u00edduos, portanto, \u00e9 necess\u00e1rio encontrar um m\u00ednimo de marcadores alterados para verificar o risco para o Alzheimer. \u201cV\u00e1rias medidas bioqu\u00edmicas e anat\u00f4micas podem ser vistas mudando at\u00e9 uma d\u00e9cada ou mais antes do in\u00edcio dos sintomas cl\u00ednicos. O objetivo \u00e9 encontrar a combina\u00e7\u00e3o certa de marcadores que indiquem risco aumentado de comprometimento cognitivo e usar essa ferramenta para orientar eventuais interven\u00e7\u00f5es para evitar isso\u201d, comentou Michael I. Miller, co-autor do estudo, em comunicado.<\/p>\n<p>Apesar disso, os pesquisadores acreditam que os resultados possam levar a cria\u00e7\u00e3o de melhores exames para diagnosticar a doen\u00e7a precocemente. Isso ajuda a garantir que o paciente conhe\u00e7a todas as op\u00e7\u00f5es de tratamento e desfrute de maior qualidade de vida.<\/p>\n<h3>Alzheimer<\/h3>\n<div>\n<p>O Alzheimer \u00e9 uma doen\u00e7a neurodegenerativa que provoca a diminui\u00e7\u00e3o das fun\u00e7\u00f5es cognitivas, uma vez que as c\u00e9lulas cerebrais degeneram e morrem, causando decl\u00ednio constante na fun\u00e7\u00e3o mental. Os principais sintomas da doen\u00e7a s\u00e3o: dificuldade de mem\u00f3ria (especialmente de acontecimentos recentes), discurso vago durante as conversa\u00e7\u00f5es, demora em atividades rotineiras, esquecimento de pessoas e lugares conhecidos, deteriora\u00e7\u00e3o de compet\u00eancias sociais e imprevisibilidade emocional.<\/p>\n<p>Segundo a Organiza\u00e7\u00e3o Mundial de Sa\u00fade (<strong>OMS<\/strong>), essa doen\u00e7a \u00e9 respons\u00e1vel por 60% a 70% dos casos de<strong>\u00a0dem\u00eancia<\/strong>\u00a0\u2013 grupo de dist\u00farbios cerebrais que causam a perda de habilidades intelectuais e sociais.\u00a0Estima-se que 44 milh\u00f5es de pessoas sofram de dem\u00eancia no mundo \u2013\u00a0mais de um milh\u00e3o delas est\u00e1 no Brasil,\u00a0de acordo com a\u00a0<a href=\"https:\/\/www.alz.org\/br\/demencia-alzheimer-brasil.asp\" target=\"_blank\" rel=\"noopener noreferrer\" data-id=\"68\" data-m=\"{&quot;i&quot;:68,&quot;p&quot;:63,&quot;n&quot;:&quot;partnerLink&quot;,&quot;y&quot;:24,&quot;o&quot;:5}\">Alzheimer\u2019s Association<\/a>.\u00a0Al\u00e9m disso, 10 milh\u00f5es de novos casos surgem anualmente \u2013 n\u00famero que deve triplicar at\u00e9 2050, segundo a OMS. Essa condi\u00e7\u00e3o, que devasta a vida de pacientes e familiares, tamb\u00e9m apresenta altos custos econ\u00f4micos, com a previs\u00e3o de gasto de 2 trilh\u00f5es de d\u00f3lares por ano at\u00e9 2030.<\/p>\n<p><em>Fonte: Veja<\/em><\/p>\n<\/div>\n","protected":false},"excerpt":{"rendered":"<p>O\u00a0Alzheimer\u00a0\u00e9 uma doen\u00e7a neurodegenerativa que afeta milh\u00f5es de pessoas em todo mundo. Apesar dos esfor\u00e7os da comunidade m\u00e9dica, ainda n\u00e3o<\/p>\n","protected":false},"author":2,"featured_media":2296,"comment_status":"closed","ping_status":"open","sticky":false,"template":"","format":"standard","meta":{"footnotes":""},"categories":[7],"tags":[],"_mes":[],"_ano":[],"class_list":["post-2295","post","type-post","status-publish","format-standard","has-post-thumbnail","hentry","category-saude"],"_links":{"self":[{"href":"https:\/\/ajubemge.com.br\/site2\/wp-json\/wp\/v2\/posts\/2295","targetHints":{"allow":["GET"]}}],"collection":[{"href":"https:\/\/ajubemge.com.br\/site2\/wp-json\/wp\/v2\/posts"}],"about":[{"href":"https:\/\/ajubemge.com.br\/site2\/wp-json\/wp\/v2\/types\/post"}],"author":[{"embeddable":true,"href":"https:\/\/ajubemge.com.br\/site2\/wp-json\/wp\/v2\/users\/2"}],"replies":[{"embeddable":true,"href":"https:\/\/ajubemge.com.br\/site2\/wp-json\/wp\/v2\/comments?post=2295"}],"version-history":[{"count":1,"href":"https:\/\/ajubemge.com.br\/site2\/wp-json\/wp\/v2\/posts\/2295\/revisions"}],"predecessor-version":[{"id":2297,"href":"https:\/\/ajubemge.com.br\/site2\/wp-json\/wp\/v2\/posts\/2295\/revisions\/2297"}],"wp:featuredmedia":[{"embeddable":true,"href":"https:\/\/ajubemge.com.br\/site2\/wp-json\/wp\/v2\/media\/2296"}],"wp:attachment":[{"href":"https:\/\/ajubemge.com.br\/site2\/wp-json\/wp\/v2\/media?parent=2295"}],"wp:term":[{"taxonomy":"category","embeddable":true,"href":"https:\/\/ajubemge.com.br\/site2\/wp-json\/wp\/v2\/categories?post=2295"},{"taxonomy":"post_tag","embeddable":true,"href":"https:\/\/ajubemge.com.br\/site2\/wp-json\/wp\/v2\/tags?post=2295"},{"taxonomy":"_mes","embeddable":true,"href":"https:\/\/ajubemge.com.br\/site2\/wp-json\/wp\/v2\/_mes?post=2295"},{"taxonomy":"_ano","embeddable":true,"href":"https:\/\/ajubemge.com.br\/site2\/wp-json\/wp\/v2\/_ano?post=2295"}],"curies":[{"name":"wp","href":"https:\/\/api.w.org\/{rel}","templated":true}]}}