{"id":2281,"date":"2019-05-23T07:07:47","date_gmt":"2019-05-23T10:07:47","guid":{"rendered":"https:\/\/ajubemge.com.br\/site2\/?p=2281"},"modified":"2019-05-23T07:07:47","modified_gmt":"2019-05-23T10:07:47","slug":"aposentados-nao-precisarao-ir-as-agencias-do-inss-a-partir-de-julho","status":"publish","type":"post","link":"https:\/\/ajubemge.com.br\/site2\/aposentados-nao-precisarao-ir-as-agencias-do-inss-a-partir-de-julho\/","title":{"rendered":"Aposentados n\u00e3o precisar\u00e3o ir \u00e0s ag\u00eancias do INSS a partir de julho"},"content":{"rendered":"<h2 class=\"subtitle\">Solicita\u00e7\u00e3o exclusivamente online dos 96 servi\u00e7os do \u00f3rg\u00e3o deve eliminar 600 mil atendimentos presenciais todos os meses<\/h2>\n<p>As filas quilom\u00e9tricas em frente \u00e0s ag\u00eancias do\u00a0<strong>INSS (Instituto Nacional do Seguro Social)<\/strong>\u00a0est\u00e3o com os dias contados. A partir do m\u00eas de julho, a internet e o telefone ser\u00e3o as \u00fanicas formas que aposentados e pensionistas ter\u00e3o para solicitar qualquer um dos 96 servi\u00e7os do \u00f3rg\u00e3o.<\/p>\n<p>A medida faz parte do projeto de transforma\u00e7\u00e3o digital do INSS, que\u00a0<strong>deu o primeiro passo nesta segunda-feira (13)<\/strong>\u00a0e estabeleceu que pedidos de recurso, revis\u00f5es e c\u00f3pias do processo de aposentadoria sejam realizados exclusivamente pela\u00a0<a href=\"https:\/\/meu.inss.gov.br\/\" target=\"_blank\" rel=\"noopener noreferrer\"><strong>plataforma Meu INSS<\/strong><\/a>\u00a0ou pelo telefone 135.<\/p>\n<p>&#8220;Ao final do m\u00eas de junho, o cidad\u00e3o n\u00e3o precisar\u00e1 ir ao INSS para nenhum pedido novo de servi\u00e7o&#8221;, afirma o diretor de atendimento do INSS, Castro J\u00fanior, que destaca a necessidade do comparecimento a uma ag\u00eancia apenas para receber a informa\u00e7\u00e3o do resultado de alguns requerimentos.<\/p>\n<div id=\"r7ad-teads\" class=\"r7ad-mobile\" data-google-query-id=\"CLiZ2OWxseICFUL14QodZvwLsQ\">\n<div id=\"google_ads_iframe_\/7542\/r7noticias\/economia\/internas_4__container__\">Com as mudan\u00e7as programadas para valer nos pr\u00f3ximos 45 dias, Castro J\u00fanior estima que as ag\u00eancias do INSS realizar\u00e3o cerca de 600 mil atendimentos a menos todos os meses.<\/div>\n<\/div>\n<p>&nbsp;<\/p>\n<div class=\"edges\">\n<figure style=\"width: 460px\" class=\"wp-caption alignnone\"><img fetchpriority=\"high\" decoding=\"async\" class=\"croppable\" title=\"Ida \u00e0s ag\u00eancias s\u00f3 ser\u00e1 necess\u00e1ria para confirma\u00e7\u00f5es\" src=\"https:\/\/img.r7.com\/images\/agencia-previdencia-inss-08082018085741702?dimensions=460x305\" alt=\"Ida \u00e0s ag\u00eancias s\u00f3 ser\u00e1 necess\u00e1ria para confirma\u00e7\u00f5es\" width=\"460\" height=\"305\" \/><figcaption class=\"wp-caption-text\"><span style=\"color: #999999;\">Ida \u00e0s ag\u00eancias s\u00f3 ser\u00e1 necess\u00e1ria para confirma\u00e7\u00f5es<\/span><\/figcaption><\/figure>\n<div class=\"gallery_link\"><\/div>\n<\/div>\n<div class=\"content_image\">\n<p class=\"legend_box  \">&#8220;O grande objetivo do governo federal \u00e9 dar mais comodidade ao cidad\u00e3o para que ele efetivamente n\u00e3o precise mais gasta energia e sair do conforto do lar para ter que se deslocar at\u00e9 uma ag\u00eancia do INSS\u201d, destaca o diretor de atendimento, que observa a necessidade atual de comparecer ao menos duas vezes a uma ag\u00eancia ao solicitar um requerimento.<\/p>\n<\/div>\n<p>A mudan\u00e7a tamb\u00e9m atende aos moradores dos 4.170 munic\u00edpios brasileiros que n\u00e3o t\u00eam ag\u00eancias do INSS. De acordo com Castro J\u00fanior, a moderniza\u00e7\u00e3o servir\u00e1 para que esses cidad\u00e3os n\u00e3o tenham que se deslocar, correr risco de acidente e perda tempo e dinheiro.<\/p>\n<p>Os aposentados e pensionista que n\u00e3o t\u00eam acesso \u00e0 internet poder\u00e3o recorrer \u00e0s liga\u00e7\u00f5es para o n\u00famero 135 e conversar diretamente com um atendente para tirar d\u00favidas e solicitar os requerimentos.<\/p>\n","protected":false},"excerpt":{"rendered":"<p>Solicita\u00e7\u00e3o exclusivamente online dos 96 servi\u00e7os do \u00f3rg\u00e3o deve eliminar 600 mil atendimentos presenciais todos os meses As filas quilom\u00e9tricas<\/p>\n","protected":false},"author":2,"featured_media":2282,"comment_status":"closed","ping_status":"open","sticky":false,"template":"","format":"standard","meta":{"footnotes":""},"categories":[6],"tags":[],"_mes":[],"_ano":[],"class_list":["post-2281","post","type-post","status-publish","format-standard","has-post-thumbnail","hentry","category-noticias"],"_links":{"self":[{"href":"https:\/\/ajubemge.com.br\/site2\/wp-json\/wp\/v2\/posts\/2281","targetHints":{"allow":["GET"]}}],"collection":[{"href":"https:\/\/ajubemge.com.br\/site2\/wp-json\/wp\/v2\/posts"}],"about":[{"href":"https:\/\/ajubemge.com.br\/site2\/wp-json\/wp\/v2\/types\/post"}],"author":[{"embeddable":true,"href":"https:\/\/ajubemge.com.br\/site2\/wp-json\/wp\/v2\/users\/2"}],"replies":[{"embeddable":true,"href":"https:\/\/ajubemge.com.br\/site2\/wp-json\/wp\/v2\/comments?post=2281"}],"version-history":[{"count":1,"href":"https:\/\/ajubemge.com.br\/site2\/wp-json\/wp\/v2\/posts\/2281\/revisions"}],"predecessor-version":[{"id":2283,"href":"https:\/\/ajubemge.com.br\/site2\/wp-json\/wp\/v2\/posts\/2281\/revisions\/2283"}],"wp:featuredmedia":[{"embeddable":true,"href":"https:\/\/ajubemge.com.br\/site2\/wp-json\/wp\/v2\/media\/2282"}],"wp:attachment":[{"href":"https:\/\/ajubemge.com.br\/site2\/wp-json\/wp\/v2\/media?parent=2281"}],"wp:term":[{"taxonomy":"category","embeddable":true,"href":"https:\/\/ajubemge.com.br\/site2\/wp-json\/wp\/v2\/categories?post=2281"},{"taxonomy":"post_tag","embeddable":true,"href":"https:\/\/ajubemge.com.br\/site2\/wp-json\/wp\/v2\/tags?post=2281"},{"taxonomy":"_mes","embeddable":true,"href":"https:\/\/ajubemge.com.br\/site2\/wp-json\/wp\/v2\/_mes?post=2281"},{"taxonomy":"_ano","embeddable":true,"href":"https:\/\/ajubemge.com.br\/site2\/wp-json\/wp\/v2\/_ano?post=2281"}],"curies":[{"name":"wp","href":"https:\/\/api.w.org\/{rel}","templated":true}]}}