{"id":2198,"date":"2019-04-02T00:01:25","date_gmt":"2019-04-02T03:01:25","guid":{"rendered":"https:\/\/ajubemge.com.br\/site2\/?p=2198"},"modified":"2019-04-02T00:01:25","modified_gmt":"2019-04-02T03:01:25","slug":"estudo-encontra-relacao-de-bacterias-do-intestino-e-o-cancer-colorretal","status":"publish","type":"post","link":"https:\/\/ajubemge.com.br\/site2\/estudo-encontra-relacao-de-bacterias-do-intestino-e-o-cancer-colorretal\/","title":{"rendered":"Estudo encontra rela\u00e7\u00e3o de bact\u00e9rias do intestino e o c\u00e2ncer colorretal"},"content":{"rendered":"<p>Uma equipe de cientistas internacionais, incluindo brasileiros, descobriu que pacientes com\u00a0<strong>c\u00e2ncer colorretal<\/strong>\u00a0apresentam\u00a0 micro-organismos diferentes no intestino. De acordo com a equipe, essa diferen\u00e7a est\u00e1 relacionada \u00e0 quantidade aumentada de algumas bact\u00e9rias intestinais. O\u00a0<a href=\"https:\/\/www.nature.com\/articles\/s41591-019-0405-7\" target=\"_blank\" rel=\"noopener\" data-id=\"123\" data-aaid=\"{&quot;i&quot;:123,&quot;p&quot;:63,&quot;n&quot;:&quot;partnerLink&quot;,&quot;y&quot;:24,&quot;o&quot;:2}\" data-hl=\"viglink\">estudo<\/a>, publicado nesta segunda-feira na\u00a0<em>Nature Medicine<\/em>, aponta que essas altera\u00e7\u00f5es come\u00e7am antes do diagn\u00f3stico de c\u00e2ncer \u2013 sendo, portanto, uma poss\u00edvel causa para a doen\u00e7a. Os pesquisadores acreditam que esta nova descoberta vai facilitar o\u00a0<strong>diagn\u00f3stico precoce<\/strong>\u00a0e auxiliar no tratamento j\u00e1 que a neoplasia tem altos \u00edndices de cura quando identificada cedo.<\/p>\n<p>\u201cEssa informa\u00e7\u00e3o tamb\u00e9m pode ajudar na preven\u00e7\u00e3o, pois a quantidade de micro-organismos intestinais pode ser regulada atrav\u00e9s da dieta\u201d, explicou Emmanuel Dias Neto, do\u00a0Centro Internacional de Pesquisas (Cipe), no A. C. Camargo Cancer Center.\u00a0O especialista ainda destacou que uma\u00a0<strong>alimenta\u00e7\u00e3o<\/strong>\u00a0<strong>rica em gordura<\/strong>\u00a0pode contribuir negativamente para o quadro, promovendo o aumento no n\u00famero de bact\u00e9rias prejudiciais.<\/p>\n<p>O c\u00e2ncer colorretal \u00e9 o terceiro mais comum no mundo, incluindo no Brasil. Al\u00e9m disso, ele \u00e9\u00a0o segundo tipo de tumor letal com maior incid\u00eancia nas mulheres e o terceiro entre os homens. Felizmente, quando diagnosticado precocemente, a chance de cura chega a 95%.<\/p>\n<h3>O estudo<\/h3>\n<p>Para chegar a esta conclus\u00e3o, a equipe internacional \u2013 formada por pesquisadores da Universidade de Trento, na It\u00e1lia, em parceria com o A.C. Camargo Center e a Universidade de S\u00e3o Paulo (USP), no Brasil \u2013 analisaram o material gen\u00e9tico de\u00a0amostras extra\u00eddas das fezes de 969 pessoas de v\u00e1rios nacionalidades (Alemanha, Fran\u00e7a, It\u00e1lia, China, Jap\u00e3o, Canad\u00e1 e Estados Unidos). Para fins de compara\u00e7\u00e3o, as amostras foram coletadas de indiv\u00edduos com e\u00a0sem c\u00e2ncer.<\/p>\n<p>A an\u00e1lise mostrou a exist\u00eancia de 16 micro-organismos associados ao c\u00e2ncer colorretal. Para os pesquisadores, a presen\u00e7a aumentada dessas bact\u00e9rias no intestino pode contribuir para o surgimento da doen\u00e7a.\u00a0Essa rela\u00e7\u00e3o pode ser explicada atrav\u00e9s da\u00a0<strong>colina<\/strong>\u00a0\u2013 um nutriente presente em alimentos de origem animal, como carne e ovos. Segundo os cientistas,\u00a0essas bact\u00e9rias transformam a colina em uma subst\u00e2ncia potencialmente perigosa que j\u00e1 foi anteriormente associada \u00e0\u00a0doen\u00e7as cardiovasculares.<\/p>\n<p>Apesar disso, ainda n\u00e3o foi poss\u00edvel determinar porque acontece o aumento na quantidade dessas bact\u00e9rias. No entanto, de acordo com Neto, h\u00e1bitos danosos, como\u00a0<strong>\u00e1lcool<\/strong>\u00a0e\u00a0<strong>cigarro<\/strong>, e a manuten\u00e7\u00e3o de uma dieta gordurosa s\u00e3o fatores de risco para o quadro. Portanto, \u00e9 importante evitar o alcoolismo e o tabagismo, assim como\u00a0evitar o consumo de carnes processadas e reduzir a ingest\u00e3o de carnes vermelhas. Vale a pena tamb\u00e9m investir em alimentos rico em fibras e cereais integrais j\u00e1 que eles ajudam a reduzir o risco dessa neoplasia.<\/p>\n<p><em>Fonte: Veja<\/em><\/p>\n","protected":false},"excerpt":{"rendered":"<p>Uma equipe de cientistas internacionais, incluindo brasileiros, descobriu que pacientes com\u00a0c\u00e2ncer colorretal\u00a0apresentam\u00a0 micro-organismos diferentes no intestino. De acordo com a<\/p>\n","protected":false},"author":2,"featured_media":1790,"comment_status":"closed","ping_status":"open","sticky":false,"template":"","format":"standard","meta":{"footnotes":""},"categories":[7],"tags":[],"_mes":[],"_ano":[],"class_list":["post-2198","post","type-post","status-publish","format-standard","has-post-thumbnail","hentry","category-saude"],"_links":{"self":[{"href":"https:\/\/ajubemge.com.br\/site2\/wp-json\/wp\/v2\/posts\/2198","targetHints":{"allow":["GET"]}}],"collection":[{"href":"https:\/\/ajubemge.com.br\/site2\/wp-json\/wp\/v2\/posts"}],"about":[{"href":"https:\/\/ajubemge.com.br\/site2\/wp-json\/wp\/v2\/types\/post"}],"author":[{"embeddable":true,"href":"https:\/\/ajubemge.com.br\/site2\/wp-json\/wp\/v2\/users\/2"}],"replies":[{"embeddable":true,"href":"https:\/\/ajubemge.com.br\/site2\/wp-json\/wp\/v2\/comments?post=2198"}],"version-history":[{"count":1,"href":"https:\/\/ajubemge.com.br\/site2\/wp-json\/wp\/v2\/posts\/2198\/revisions"}],"predecessor-version":[{"id":2199,"href":"https:\/\/ajubemge.com.br\/site2\/wp-json\/wp\/v2\/posts\/2198\/revisions\/2199"}],"wp:featuredmedia":[{"embeddable":true,"href":"https:\/\/ajubemge.com.br\/site2\/wp-json\/wp\/v2\/media\/1790"}],"wp:attachment":[{"href":"https:\/\/ajubemge.com.br\/site2\/wp-json\/wp\/v2\/media?parent=2198"}],"wp:term":[{"taxonomy":"category","embeddable":true,"href":"https:\/\/ajubemge.com.br\/site2\/wp-json\/wp\/v2\/categories?post=2198"},{"taxonomy":"post_tag","embeddable":true,"href":"https:\/\/ajubemge.com.br\/site2\/wp-json\/wp\/v2\/tags?post=2198"},{"taxonomy":"_mes","embeddable":true,"href":"https:\/\/ajubemge.com.br\/site2\/wp-json\/wp\/v2\/_mes?post=2198"},{"taxonomy":"_ano","embeddable":true,"href":"https:\/\/ajubemge.com.br\/site2\/wp-json\/wp\/v2\/_ano?post=2198"}],"curies":[{"name":"wp","href":"https:\/\/api.w.org\/{rel}","templated":true}]}}