{"id":1972,"date":"2019-01-01T04:59:51","date_gmt":"2019-01-01T06:59:51","guid":{"rendered":"https:\/\/ajubemge.com.br\/site2\/?p=1972"},"modified":"2019-01-01T05:10:48","modified_gmt":"2019-01-01T07:10:48","slug":"pedido-de-aposentadoria-pela-regra-85-95-termina-e-beneficio-integral-fica-mais-dificil","status":"publish","type":"post","link":"https:\/\/ajubemge.com.br\/site2\/pedido-de-aposentadoria-pela-regra-85-95-termina-e-beneficio-integral-fica-mais-dificil\/","title":{"rendered":"Pedido de aposentadoria pela regra 85\/95 termina e benef\u00edcio integral fica mais dif\u00edcil"},"content":{"rendered":"<p>Regra que d\u00e1 direito a benef\u00edcio integral, sem desconto do fator previdenci\u00e1rio, mudou para f\u00f3rmula 86\/96 a partir desta segunda-feira. Saiba como a pontua\u00e7\u00e3o \u00e9 calculada.<br \/>\nA partir desta segunda-feira (31), o trabalhador que pretende se aposentar por tempo de contribui\u00e7\u00e3o ter\u00e1 que trabalhar por mais tempo para conseguir o benef\u00edcio sem o desconto do fator previdenci\u00e1rio. Isso porque entrou em vigor a regra 86\/96, conforme previsto por lei sancionada em 2015 &#8211; at\u00e9 agora, a regra vigente era a 85\/95.<\/p>\n<p>Pela regra anterior, da f\u00f3rmula 85\/95, a soma entre a idade e o tempo de contribui\u00e7\u00e3o no caso das mulheres deveria ser de pelo menos 85 anos e no caso dos homens, de 95 anos, para que o trabalhador ou trabalhadora tenham direito \u00e0 aposentadoria com o benef\u00edcio integral. Agora, essa soma exigida sobe um ponto para ambos, passando a ser de 86, para mulheres, e 96, para homens, segundo o INSS.<\/p>\n<p>Homens e mulheres que tenham atingido o tempo m\u00ednimo de contribui\u00e7\u00e3o (35 anos para eles, 30 para elas) tamb\u00e9m podem se aposentar sem atingir essa pontua\u00e7\u00e3o. Mas, nesse caso, o valor da aposentadoria \u00e9 reduzido pelo fator previdenci\u00e1rio.<\/p>\n<p>Esse mecanismo reduz o valor do benef\u00edcio de quem se aposenta por tempo de contribui\u00e7\u00e3o. A f\u00f3rmula, criada em 1999, se baseia na idade do trabalhador, tempo de contribui\u00e7\u00e3o ao INSS e expectativa de sobrevida do segurado. Quanto menor a idade no momento da aposentadoria, maior \u00e9 o redutor do benef\u00edcio.<\/p>\n<p>Assim, a partir de agora, os trabalhadores s\u00f3 poder\u00e3o optar pela n\u00e3o incid\u00eancia do fator previdenci\u00e1rio no c\u00e1lculo de sua aposentadoria quando o total resultante da soma da idade e do tempo de contribui\u00e7\u00e3o, inclu\u00eddas as fra\u00e7\u00f5es, na data de requerimento da aposentadoria, for igual ou superior a 86 pontos, se mulher; ou 96 pontos, se homem.<\/p>\n<p>Algumas situa\u00e7\u00f5es podem elevar o tempo total de contribui\u00e7\u00e3o, mediante comprova\u00e7\u00e3o, como trabalho em atividades insalubres, per\u00edodo de alistamento militar, tempo de estudo em escola t\u00e9cnica e a\u00e7\u00e3o trabalhista que reconheceu v\u00ednculo.<\/p>\n<div class=\"mc-column content-text active-extra-styles \" data-block-type=\"unstyled\" data-block-weight=\"30\" data-block-id=\"9\">\n<p class=\"content-text__container \" data-track-category=\"Link no Texto\" data-track-links=\"\">O trabalhador que n\u00e3o atingir a pontua\u00e7\u00e3o m\u00ednima ainda pode requerer a aposentadoria por tempo de contribui\u00e7\u00e3o, mas o c\u00e1lculo do benef\u00edcio levar\u00e1 em conta o desconto do fator previdenci\u00e1rio.<\/p>\n<\/div>\n<div class=\"mc-column content-text active-extra-styles \" data-block-type=\"unstyled\" data-block-weight=\"12\" data-block-id=\"10\">\n<p class=\"content-text__container \" data-track-category=\"Link no Texto\" data-track-links=\"\">Os segurados podem pedir a aposentadoria pelo aplicativo ou site\u00a0Meu INSS.<\/p>\n<\/div>\n<div class=\"mc-column content-text active-extra-styles\" data-block-type=\"raw\" data-block-weight=\"3\" data-block-id=\"11\">\n<div class=\"content-intertitle\">\n<h2>Redu\u00e7\u00e3o do valor<\/h2>\n<\/div>\n<\/div>\n<div class=\"mc-column content-text active-extra-styles \" data-block-type=\"unstyled\" data-block-weight=\"27\" data-block-id=\"12\">\n<p class=\"content-text__container \" data-track-category=\"Link no Texto\" data-track-links=\"\">Simula\u00e7\u00f5es feitas pelo Instituto Brasileiro de Direito Previdenci\u00e1rio (IBDP) mostram que o desconto do fator previdenci\u00e1rio chega a reduzir o valor da aposentadoria em mais de 30%.<\/p>\n<\/div>\n<div class=\"mc-column content-text active-extra-styles \" data-block-type=\"unstyled\" data-block-weight=\"56\" data-block-id=\"13\">\n<p class=\"content-text__container \" data-track-category=\"Link no Texto\" data-track-links=\"\">N\u00fameros do Minist\u00e9rio do Trabalho e da Previd\u00eancia Social mostram que, entre janeiro e agosto de 2018, o valor m\u00e9dio das aposentadorias por tempo de contribui\u00e7\u00e3o, com incid\u00eancia da f\u00f3rmula 85\/95, ficou em R$ 2.860. Este valor \u00e9 44% superior \u00e0 m\u00e9dia das aposentadorias por tempo de contribui\u00e7\u00e3o concedidas com aplica\u00e7\u00e3o do fator previdenci\u00e1rio (R$ 1.980).<\/p>\n<\/div>\n<div class=\"mc-column content-text active-extra-styles \" data-block-type=\"unstyled\" data-block-weight=\"66\" data-block-id=\"14\">\n<p class=\"content-text__container \" data-track-category=\"Link no Texto\" data-track-links=\"\">A lei que criou a f\u00f3rmula 85\/95 estabelece uma progress\u00e3o para esse c\u00e1lculo em raz\u00e3o do aumento da expectativa de vida. A soma avan\u00e7a um ponto a cada dois anos. Em 31 de dezembro, a regra passou a ser 86\/96. Em dezembro de 2026, ser\u00e3o 5 pontos a mais \u2013 com as mulheres precisando de 90 pontos para se aposentar e os homens de 100 pontos.<\/p>\n<\/div>\n<div class=\"mc-column content-text active-extra-styles \" data-block-type=\"unstyled\" data-block-weight=\"26\" data-block-id=\"15\">\n<p class=\"content-text__container \" data-track-category=\"Link no Texto\" data-track-links=\"\">Mas n\u00e3o h\u00e1 garantia de que a progress\u00e3o chegue t\u00e3o longe porque o presidente eleito Jair Bolsonaro (PSL) defende mudan\u00e7as na Previd\u00eancia a partir de 2019.<\/p>\n<\/div>\n<div class=\"mc-column content-text active-extra-styles \" data-block-type=\"unstyled\" data-block-weight=\"31\" data-block-id=\"16\">\n<p class=\"content-text__container \" data-track-category=\"Link no Texto\" data-track-links=\"\">As arrecada\u00e7\u00f5es do sistema previdenci\u00e1rio n\u00e3o t\u00eam sido suficientes para cobrir os gastos com aposentadorias e pens\u00f5es. A m\u00e9dia de idade da aposentadoria no Brasil\u00a0est\u00e1 entre as menores do mundo.<\/p>\n<\/div>\n<div class=\"mc-column content-text active-extra-styles \" data-block-type=\"unstyled\" data-block-weight=\"31\" data-block-id=\"17\">\n<p class=\"content-text__container \" data-track-category=\"Link no Texto\" data-track-links=\"\">Em 2017, a idade m\u00e9dia de quem se aposentou por idade foi de 61 anos, e de 54,5 anos para quem se aposentou por tempo de contribui\u00e7\u00e3o, segundo dados do INSS.<\/p>\n<\/div>\n<div class=\"row medium-uncollapsed content-media content-photo\" data-block-type=\"backstage-photo\" data-block-id=\"18\">\n<div class=\"mc-column content-media__container\">\n<div class=\"progressive-img can-open-lightbox\" data-min-size=\"1008x2063\" data-min-size-url=\"https:\/\/s2.glbimg.com\/KpAyoIdn1WAUmt42J4v4d-5-Pfw=\/0x0:1600x3276\/1008x0\/smart\/filters:strip_icc()\/i.s3.glbimg.com\/v1\/AUTH_59edd422c0c84a879bd37670ae4f538a\/internal_photos\/bs\/2018\/y\/N\/6mKRJ0RxuA1hpyERb9ew\/calculo-aposentadoria.png\" data-max-size=\"1600x3276\" data-max-size-url=\"https:\/\/s2.glbimg.com\/rM5XZeYlIxn-PyLN6vQxWtUqrWY=\/0x0:1600x3276\/1600x0\/smart\/filters:strip_icc()\/i.s3.glbimg.com\/v1\/AUTH_59edd422c0c84a879bd37670ae4f538a\/internal_photos\/bs\/2018\/y\/N\/6mKRJ0RxuA1hpyERb9ew\/calculo-aposentadoria.png\" data-media-index=\"0\">\n<div class=\"placeholder-container\"><\/div>\n<\/div>\n<div class=\"mc-column content-text active-extra-styles\" data-block-type=\"raw\" data-block-weight=\"6\" data-block-id=\"20\">\n<div class=\"content-intertitle\">\n<h2>Como fazer o pedido de aposentadoria<\/h2>\n<\/div>\n<\/div>\n<div class=\"mc-column content-text active-extra-styles \" data-block-type=\"unstyled\" data-block-weight=\"49\" data-block-id=\"21\">\n<p class=\"content-text__container \" data-track-category=\"Link no Texto\" data-track-links=\"\">As aposentadorias por tempo de contribui\u00e7\u00e3o representam cerca de 50% das aposentadorias concedidas pelo INSS. Para ter benef\u00edcio \u00e0 aposentadoria por tempo de contribui\u00e7\u00e3o \u00e9 preciso ter contribu\u00eddo com o INSS por 35 anos, se homem, ou 30 anos, se mulher.\u00a0Veja aqui os principais requisitos e como solicitar.<\/p>\n<\/div>\n<div class=\"mc-column content-text active-extra-styles \" data-block-type=\"unstyled\" data-block-weight=\"39\" data-block-id=\"22\">\n<p class=\"content-text__container \" data-track-category=\"Link no Texto\" data-track-links=\"\">Desde maio, os\u00a0pedidos de aposentadoria por idade s\u00f3 podem ser feitos ao INSS pelo telefone ou internet. Para a aposentadoria por tempo de contribui\u00e7\u00e3o, entretanto, os dois modelos est\u00e3o dispon\u00edveis, e o pedido tamb\u00e9m pode ser feito presencialmente.<\/p>\n<\/div>\n<div data-track-category=\"multicontent\" data-track-action=\"ultimo chunk conteudo\" data-track-noninteraction=\"false\" data-track-scroll=\"view\">\n<div class=\"mc-column content-text active-extra-styles \" data-block-type=\"unstyled\" data-block-weight=\"14\" data-block-id=\"23\">\n<p class=\"content-text__container \" data-track-category=\"Link no Texto\" data-track-links=\"\">INSS passa a receber s\u00f3 por telefone e internet pedidos de aposentadoria por idade<\/p>\n<\/div>\n<\/div>\n<p data-track-category=\"Link no Texto\" data-track-links=\"\">Fonte: G1<\/p>\n<\/div>\n<p>&nbsp;<\/p>\n<\/div>\n","protected":false},"excerpt":{"rendered":"<p>Regra que d\u00e1 direito a benef\u00edcio integral, sem desconto do fator previdenci\u00e1rio, mudou para f\u00f3rmula 86\/96 a partir desta segunda-feira.<\/p>\n","protected":false},"author":2,"featured_media":1246,"comment_status":"closed","ping_status":"open","sticky":false,"template":"","format":"standard","meta":{"footnotes":""},"categories":[6],"tags":[],"_mes":[],"_ano":[],"class_list":["post-1972","post","type-post","status-publish","format-standard","has-post-thumbnail","hentry","category-noticias"],"_links":{"self":[{"href":"https:\/\/ajubemge.com.br\/site2\/wp-json\/wp\/v2\/posts\/1972","targetHints":{"allow":["GET"]}}],"collection":[{"href":"https:\/\/ajubemge.com.br\/site2\/wp-json\/wp\/v2\/posts"}],"about":[{"href":"https:\/\/ajubemge.com.br\/site2\/wp-json\/wp\/v2\/types\/post"}],"author":[{"embeddable":true,"href":"https:\/\/ajubemge.com.br\/site2\/wp-json\/wp\/v2\/users\/2"}],"replies":[{"embeddable":true,"href":"https:\/\/ajubemge.com.br\/site2\/wp-json\/wp\/v2\/comments?post=1972"}],"version-history":[{"count":1,"href":"https:\/\/ajubemge.com.br\/site2\/wp-json\/wp\/v2\/posts\/1972\/revisions"}],"predecessor-version":[{"id":1973,"href":"https:\/\/ajubemge.com.br\/site2\/wp-json\/wp\/v2\/posts\/1972\/revisions\/1973"}],"wp:featuredmedia":[{"embeddable":true,"href":"https:\/\/ajubemge.com.br\/site2\/wp-json\/wp\/v2\/media\/1246"}],"wp:attachment":[{"href":"https:\/\/ajubemge.com.br\/site2\/wp-json\/wp\/v2\/media?parent=1972"}],"wp:term":[{"taxonomy":"category","embeddable":true,"href":"https:\/\/ajubemge.com.br\/site2\/wp-json\/wp\/v2\/categories?post=1972"},{"taxonomy":"post_tag","embeddable":true,"href":"https:\/\/ajubemge.com.br\/site2\/wp-json\/wp\/v2\/tags?post=1972"},{"taxonomy":"_mes","embeddable":true,"href":"https:\/\/ajubemge.com.br\/site2\/wp-json\/wp\/v2\/_mes?post=1972"},{"taxonomy":"_ano","embeddable":true,"href":"https:\/\/ajubemge.com.br\/site2\/wp-json\/wp\/v2\/_ano?post=1972"}],"curies":[{"name":"wp","href":"https:\/\/api.w.org\/{rel}","templated":true}]}}