{"id":1944,"date":"2018-12-14T09:13:21","date_gmt":"2018-12-14T11:13:21","guid":{"rendered":"https:\/\/ajubemge.com.br\/site2\/?p=1944"},"modified":"2019-01-01T05:13:01","modified_gmt":"2019-01-01T07:13:01","slug":"sete-em-cada-10-idosos-estao-aposentados-aponta-levantamento","status":"publish","type":"post","link":"https:\/\/ajubemge.com.br\/site2\/sete-em-cada-10-idosos-estao-aposentados-aponta-levantamento\/","title":{"rendered":"Sete em cada 10 idosos est\u00e3o aposentados, aponta levantamento"},"content":{"rendered":"<p class=\"sc-fONwsr StyledParagraph eAmjhW\" data-key=\"207313\"><span data-key=\"207314\">Levantamento realizado em todas as capitais pela Confedera\u00e7\u00e3o Nacional de Dirigentes Lojistas (CNDL) e pelo Servi\u00e7o de Prote\u00e7\u00e3o ao Cr\u00e9dito (SPC Brasil) mostra que sete em cada 10 idosos est\u00e3o aposentados.<\/span><\/p>\n<p class=\"sc-fONwsr StyledParagraph eAmjhW\" data-key=\"207315\"><span data-key=\"207316\">21% continuam trabalhando.\u00a0<\/span><\/p>\n<p class=\"sc-fONwsr StyledParagraph eAmjhW\" data-key=\"207317\"><span data-key=\"207318\">47% dizem que a\u00a0renda n\u00e3o \u00e9 suficiente para pagar as contas.<\/span><\/p>\n<p class=\"sc-fONwsr StyledParagraph eAmjhW\" data-key=\"207319\"><span data-key=\"207320\">48% disseram que querem se sentir produtivos nessa fase da vida.<\/span><\/p>\n<p class=\"sc-fONwsr StyledParagraph eAmjhW\" data-key=\"207321\"><span data-key=\"207322\">91% idosos contribuem financeiramente com o or\u00e7amento.<\/span><\/p>\n<p class=\"sc-fONwsr StyledParagraph eAmjhW\" data-key=\"207323\"><span data-key=\"207324\">43% s\u00e3o os principais respons\u00e1veis pelo sustento da casa.<\/span><\/p>\n<p class=\"sc-fONwsr StyledParagraph eAmjhW\" data-key=\"207325\"><span data-key=\"207326\">34% dos entrevistados recebem algum tipo de custeio.<\/span><\/p>\n<p class=\"sc-fONwsr StyledParagraph eAmjhW\" data-key=\"207327\"><span data-key=\"207328\">32% admitem nunca ter guardado dinheiro exclusivamente para a aposentadoria.<\/span><\/p>\n<p class=\"sc-fONwsr StyledParagraph eAmjhW\" data-key=\"207329\"><span data-key=\"207330\">25% n\u00e3o lembram quando come\u00e7aram a fazer uma reserva.<\/span><\/p>\n<p class=\"sc-fONwsr StyledParagraph eAmjhW\" data-key=\"207331\"><span data-key=\"207332\">\u00a0<\/span><\/p>\n<h3 class=\"sc-etwtAo dUvdfh\"><span data-key=\"207334\">Bilh\u00f5es necess\u00e1rios<\/span><\/h3>\n<p class=\"sc-fONwsr StyledParagraph eAmjhW\" data-key=\"207335\"><span data-key=\"207336\">A Fiesc apresentou documento com radiografia das necessidades do Estado nas quest\u00f5es de infraestrutura nos modais rodovi\u00e1rio, ferrovi\u00e1rio e aquavi\u00e1rio. O estudo mostra que as demandas por obras de infraestrutura exigir\u00e3o investimentos de R$ 3,1 bilh\u00f5es at\u00e9 2022.<\/span><\/p>\n<p class=\"sc-fONwsr StyledParagraph eAmjhW\" data-key=\"207337\"><span data-key=\"207338\">\u00a0<\/span><\/p>\n<h3 class=\"sc-etwtAo dUvdfh\"><span data-key=\"207340\"><strong>Empreendedorismo feminino<\/strong><\/span><\/h3>\n<p class=\"sc-fONwsr StyledParagraph eAmjhW\" data-key=\"207341\"><span data-key=\"207342\">O Sebrae nacional lan\u00e7ou o projeto nacional de empreendedorismo Feminino, que vai ser aplicado em 11 Estados brasileiros &#8211; Santa Catarina inclu\u00eddo &#8211; e que tem como finalidade integrar redes locais, nacionais e internacionais de empres\u00e1rias.<\/span><\/p>\n<p class=\"sc-fONwsr StyledParagraph eAmjhW\" data-key=\"207346\"><span data-key=\"207347\">O projeto vai ser desenvolvido durante 24 meses e o foco na sensibiliza\u00e7\u00e3o, articula\u00e7\u00e3o, relacionamento e atendimento de neg\u00f3cios liderados por mulheres.<\/span><\/p>\n<p class=\"sc-fONwsr StyledParagraph eAmjhW\" data-key=\"207348\"><span data-key=\"207349\">\u00a0<\/span><\/p>\n<h3 class=\"sc-etwtAo dUvdfh\"><span data-key=\"207351\">Fundo Clima<\/span><\/h3>\n<p class=\"sc-fONwsr StyledParagraph eAmjhW\" data-key=\"207352\"><span data-key=\"207353\"> O Banco Nacional de Desenvolvimento Econ\u00f4mico e Social (BNDES) ter\u00e1 aporte de R$ 163 milh\u00f5es para novos financiamentos no \u00e2mbito do programa Fundo Clima. Esses recursos se juntam aos R$ 228 milh\u00f5es anunciados no final de setembro e foram poss\u00edveis ap\u00f3s a edi\u00e7\u00e3o da medida provis\u00f3ria 851\/18, que permitiu que os rendimentos fossem incorporados ao patrim\u00f4nio do Fundo.\u00a0 Os recursos do Fundo Clima podem ser usados para apoiar a implanta\u00e7\u00e3o de empreendimentos, a aquisi\u00e7\u00e3o de m\u00e1quinas e equipamentos e o desenvolvimento tecnol\u00f3gico que estejam relacionados \u00e0 redu\u00e7\u00e3o de emiss\u00f5es de gases do efeito estufa e \u00e0 adapta\u00e7\u00e3o \u00e0s mudan\u00e7as do clima e aos seus efeitos.\u00a0<\/span><\/p>\n<p class=\"sc-fONwsr StyledParagraph eAmjhW\" data-key=\"207357\"><span data-key=\"207358\">\u00a0<\/span><\/p>\n<h3 class=\"sc-etwtAo dUvdfh\"><span data-key=\"207360\">Harvard<\/span><\/h3>\n<p class=\"sc-fONwsr StyledParagraph eAmjhW\" data-key=\"207361\"><span data-key=\"207362\"> A Universidade de Harvard oferece 114 cursos de 11 \u00e1reas diferentes, gratuitos em sua plataforma Harvard Online Courses.<\/span><\/p>\n<p class=\"sc-fONwsr StyledParagraph eAmjhW\" data-key=\"207364\"><span data-key=\"207365\">\u00a0<\/span><\/p>\n<h3 class=\"sc-etwtAo dUvdfh\"><span data-key=\"207367\">Via aplicativo<\/span><\/h3>\n<p class=\"sc-fONwsr StyledParagraph eAmjhW\" data-key=\"207368\"><span data-key=\"207369\">A Comiss\u00e3o de Trabalho, de Administra\u00e7\u00e3o e Servi\u00e7o P\u00fablico da C\u00e2mara dos Deputados aprovou o projeto de lei 9617\/18, que assegura a gest\u00e3o compartilhada para que grupos de cidad\u00e3os organizados em aplicativos como o WhatsApp acompanhem a execu\u00e7\u00e3o de obras, presta\u00e7\u00e3o de servi\u00e7os p\u00fablicos e aquisi\u00e7\u00f5es de materiais e equipamentos pelo poder p\u00fablico federal, estadual, distrital e municipal.<\/span><\/p>\n<p class=\"sc-fONwsr StyledParagraph eAmjhW\" data-key=\"207370\"><span data-key=\"207371\">\u00a0<\/span><\/p>\n<h3 class=\"sc-etwtAo dUvdfh\"><span data-key=\"207373\"><strong>Mudan\u00e7a<\/strong><\/span><\/h3>\n<p class=\"sc-fONwsr StyledParagraph eAmjhW\" data-key=\"207374\"><span data-key=\"207375\">No pr\u00f3ximo ano, o sindicato dos mec\u00e2nicos de Joinville estar\u00e1 em nova sede. As obras est\u00e3o em andamento. A mudan\u00e7a poder\u00e1 acontecer at\u00e9 mar\u00e7o. O im\u00f3vel atual, na regi\u00e3o central da cidade, foi vendido para empresa t\u00eaxtil.<\/span><\/p>\n","protected":false},"excerpt":{"rendered":"<p>Levantamento realizado em todas as capitais pela Confedera\u00e7\u00e3o Nacional de Dirigentes Lojistas (CNDL) e pelo Servi\u00e7o de Prote\u00e7\u00e3o ao Cr\u00e9dito<\/p>\n","protected":false},"author":2,"featured_media":354,"comment_status":"closed","ping_status":"open","sticky":false,"template":"","format":"standard","meta":{"footnotes":""},"categories":[6],"tags":[],"_mes":[],"_ano":[],"class_list":["post-1944","post","type-post","status-publish","format-standard","has-post-thumbnail","hentry","category-noticias"],"_links":{"self":[{"href":"https:\/\/ajubemge.com.br\/site2\/wp-json\/wp\/v2\/posts\/1944","targetHints":{"allow":["GET"]}}],"collection":[{"href":"https:\/\/ajubemge.com.br\/site2\/wp-json\/wp\/v2\/posts"}],"about":[{"href":"https:\/\/ajubemge.com.br\/site2\/wp-json\/wp\/v2\/types\/post"}],"author":[{"embeddable":true,"href":"https:\/\/ajubemge.com.br\/site2\/wp-json\/wp\/v2\/users\/2"}],"replies":[{"embeddable":true,"href":"https:\/\/ajubemge.com.br\/site2\/wp-json\/wp\/v2\/comments?post=1944"}],"version-history":[{"count":1,"href":"https:\/\/ajubemge.com.br\/site2\/wp-json\/wp\/v2\/posts\/1944\/revisions"}],"predecessor-version":[{"id":1945,"href":"https:\/\/ajubemge.com.br\/site2\/wp-json\/wp\/v2\/posts\/1944\/revisions\/1945"}],"wp:featuredmedia":[{"embeddable":true,"href":"https:\/\/ajubemge.com.br\/site2\/wp-json\/wp\/v2\/media\/354"}],"wp:attachment":[{"href":"https:\/\/ajubemge.com.br\/site2\/wp-json\/wp\/v2\/media?parent=1944"}],"wp:term":[{"taxonomy":"category","embeddable":true,"href":"https:\/\/ajubemge.com.br\/site2\/wp-json\/wp\/v2\/categories?post=1944"},{"taxonomy":"post_tag","embeddable":true,"href":"https:\/\/ajubemge.com.br\/site2\/wp-json\/wp\/v2\/tags?post=1944"},{"taxonomy":"_mes","embeddable":true,"href":"https:\/\/ajubemge.com.br\/site2\/wp-json\/wp\/v2\/_mes?post=1944"},{"taxonomy":"_ano","embeddable":true,"href":"https:\/\/ajubemge.com.br\/site2\/wp-json\/wp\/v2\/_ano?post=1944"}],"curies":[{"name":"wp","href":"https:\/\/api.w.org\/{rel}","templated":true}]}}