{"id":1720,"date":"2018-10-05T05:09:13","date_gmt":"2018-10-05T08:09:13","guid":{"rendered":"https:\/\/ajubemge.com.br\/site2\/?p=1720"},"modified":"2018-10-05T07:13:46","modified_gmt":"2018-10-05T10:13:46","slug":"cinco-fatores-que-podem-ser-decisivos-na-reta-final-das-eleicoes","status":"publish","type":"post","link":"https:\/\/ajubemge.com.br\/site2\/cinco-fatores-que-podem-ser-decisivos-na-reta-final-das-eleicoes\/","title":{"rendered":"Cinco fatores que podem ser decisivos na reta final das elei\u00e7\u00f5es"},"content":{"rendered":"<p>Faltando menos de uma semana para que 140 milh\u00f5es de brasileiros escolham seu pr\u00f3ximo presidente em um pleito fragmentado e polarizado, ainda h\u00e1 alguns fatores que podem influenciar a decis\u00e3o final do eleitor, segundo analistas.<\/p>\n<p>A BBC News Brasil reuniu dados das mais recentes pesquisas e ouviu especialistas para entender quais seriam estes fatores.<\/p>\n<h3>1 &#8211; Prefer\u00eancia ou &#8216;voto \u00fatil&#8217;?<\/h3>\n<p>A pesquisa do Ibope de 26 de setembro questionou os entrevistados a respeito do chamado &#8220;voto \u00fatil&#8221; &#8211; a possibilidade de o eleitor deixar de votar no candidato de sua prefer\u00eancia para votar em outro que considere mais competitivo contra um terceiro.<\/p>\n<p>E 28% dos entrevistados naquela ocasi\u00e3o afirmaram que essa probabilidade era alta ou muito alta.<\/p>\n<p>Essa porcentagem \u00e9 semelhante \u00e0s inten\u00e7\u00f5es de voto do l\u00edder da pesquisa, Jair Bolsonaro (PSL), e supera a do segundo colocado, Fernando Haddad (PT).<\/p>\n<p>Segundo a pesquisa, 10% dos eleitores de Bolsonaro, 17% dos de Haddad, 21% dos de Ciro Gomes (PDT) e 14% dos de Alckmin admitiam a possibilidade de mudar sua escolha nas urnas para fazer voto \u00fatil.<\/p>\n<p>&#8220;J\u00e1 tivemos alguns casos memor\u00e1veis de voto \u00fatil (mudando o rumo de elei\u00e7\u00f5es), por exemplo em 1988, quando Luiza Erundina ganhou a prefeitura de S\u00e3o Paulo com o voto \u00fatil contra Paulo Maluf, em 1998, quando Mario Covas ia mal nas pesquisas (para governador de S\u00e3o Paulo), mas recebeu o voto de v\u00e1rios eleitores que abandonaram Marta Suplicy e foi eleito em segundo turno&#8221;, explica \u00e0 BBC News Brasil o cientista pol\u00edtico Carlos Melo, professor do Insper.<\/p>\n<p>No entanto, diz Melo, a grande d\u00favida \u00e9 o quanto a atual volatilidade pode, de fato, ter efeito concreto, j\u00e1 que a eventual migra\u00e7\u00e3o de votos pode se pulverizar entre diversos candidatos e ser insuficiente para alterar o cen\u00e1rio atualmente mais prov\u00e1vel de segundo turno, entre Bolsonaro e Haddad.<\/p>\n<p>Na pesquisa Datafolha divulgada na noite de ter\u00e7a-feira, as inten\u00e7\u00f5es de voto em Bolsonaro subiram para 32%, o que corresponde a 38% dos votos v\u00e1lidos. A trajet\u00f3ria ascendente do candidato \u00e0s v\u00e9speras das elei\u00e7\u00f5es fez analistas come\u00e7arem a considerar como poss\u00edvel, ainda que n\u00e3o prov\u00e1vel, uma vit\u00f3ria j\u00e1 no primeiro turno.<\/p>\n<p>&nbsp;<\/p>\n<figure style=\"width: 799px\" class=\"wp-caption alignnone\"><img fetchpriority=\"high\" decoding=\"async\" class=\"loaded\" src=\"https:\/\/c-5uwzmx78pmca09x24quo-a-uav-kwux2eisiuiqhmlx2evmb.g01.msn.com\/g00\/3_c-5eee.uav.kwu_\/c-5UWZMXPMCA09x24pbbx78ax3ax2fx2fquo-a-uav-kwu.isiuiqhml.vmbx2fbmvivbx2fiux78x2fmvbqbgqlx2fJJVZC2n.quox3fpx3d238x26ex3d577x26ux3d4x26yx3d48x26wx3dnx26tx3dnx26fx3d252x26gx3d053x26q98k.uizsx3dquiom_$\/$\/$\/$\/$\" alt=\"Bolsonaro e Haddad t\u00eam, juntos, apenas a metade das inten\u00e7\u00f5es de votos dos brasileiros\" width=\"799\" height=\"449\" data-aaijit=\"{&quot;default&quot;:{&quot;load&quot;:&quot;default&quot;,&quot;w&quot;:&quot;80&quot;,&quot;h&quot;:&quot;45&quot;,&quot;src&quot;:&quot;\/\/img-s-msn-com.akamaized.net\/tenant\/amp\/entityid\/BBNRU4f.img?h=450&amp;w=799&amp;m=6&amp;q=60&amp;o=f&amp;l=f&amp;x=474&amp;y=275&quot;},&quot;size3column&quot;:{&quot;load&quot;:&quot;default&quot;,&quot;w&quot;:&quot;62&quot;,&quot;h&quot;:&quot;35&quot;,&quot;src&quot;:&quot;\/\/img-s-msn-com.akamaized.net\/tenant\/amp\/entityid\/BBNRU4f.img?h=351&amp;w=624&amp;m=6&amp;q=60&amp;o=f&amp;l=f&amp;x=474&amp;y=275&quot;},&quot;size2column&quot;:{&quot;load&quot;:&quot;default&quot;,&quot;w&quot;:&quot;62&quot;,&quot;h&quot;:&quot;35&quot;,&quot;src&quot;:&quot;\/\/img-s-msn-com.akamaized.net\/tenant\/amp\/entityid\/BBNRU4f.img?h=351&amp;w=624&amp;m=6&amp;q=60&amp;o=f&amp;l=f&amp;x=474&amp;y=275&quot;}}\" \/><figcaption class=\"wp-caption-text\">\u00a9 Reuters\u00a0Bolsonaro e Haddad t\u00eam, juntos, apenas a metade das inten\u00e7\u00f5es de votos dos brasileiros<\/figcaption><\/figure>\n<p>&nbsp;<\/p>\n<p>&#8220;O voto \u00fatil existe e h\u00e1 movimentos de \u00faltima hora do eleitorado, mas a quest\u00e3o nesta elei\u00e7\u00e3o \u00e9: quem vai capitalizar com uma (eventual) mudan\u00e7a? Se os antipetistas, por exemplo, forem fazer voto \u00fatil, eles v\u00e3o votar em um mesmo candidato? \u00c9 um fen\u00f4meno mais complexo do que no passado, porque hoje temos duas grandes frentes de rejei\u00e7\u00e3o (PT e Bolsonaro) e campos m\u00faltiplos (por exemplo, Geraldo Alckmin, Ciro Gomes e Marina Silva) que podem receber essa rejei\u00e7\u00e3o&#8221;, agrega o cientista pol\u00edtico.<\/p>\n<h3>2 &#8211; Os mais rejeitados?<\/h3>\n<p>O alto \u00edndice de rejei\u00e7\u00e3o dos candidatos mais bem colocados nas pesquisas de inten\u00e7\u00e3o de votos \u00e9 a principal for\u00e7a por tr\u00e1s do eventual voto \u00fatil discutido acima. Segundo pesquisa Datafolha divulgada nesta ter\u00e7a-feira, 2 de outubro, 45% dos eleitores dizem que n\u00e3o votariam em Bolsonaro de jeito nenhum. Para Fernando Haddad, esse \u00edndice \u00e9 de 41%.<\/p>\n<p>Juntos, os dois candidatos t\u00eam cerca da metade das inten\u00e7\u00f5es de voto dos brasileiros &#8211; s\u00f3\u00a0<a href=\"https:\/\/www.bbc.com\/portuguese\/brasil-45661559\" target=\"_blank\" rel=\"noopener\" data-id=\"88\" data-aaid=\"{&quot;i&quot;:88,&quot;p&quot;:81,&quot;n&quot;:&quot;partnerLink&quot;,&quot;y&quot;:24,&quot;o&quot;:7}\">em 1989 os dois primeiros colocados tiveram t\u00e3o pouco<\/a>, t\u00e3o perto da data das elei\u00e7\u00f5es.<\/p>\n<p>&#8220;S\u00f3 existe voto \u00fatil por causa da alta taxa de rejei\u00e7\u00e3o&#8221;, afirma Melo. &#8220;De alguma forma, o voto de rejei\u00e7\u00e3o est\u00e1 se alinhando. A quest\u00e3o \u00e9 se vai se alinhar em um terceiro nome ou se vai se pulverizar entre dois ou tr\u00eas candidatos&#8221;, que podem acabar tendo uma vota\u00e7\u00e3o parecida no final, mas n\u00e3o suficiente para levar um deles ao segundo turno.<\/p>\n<h3>3. Quem levar\u00e1 o voto das mulheres?<\/h3>\n<p>As men\u00e7\u00f5es \u00e0s mulheres feitas pelos candidatos durante os debates de TV d\u00e3o pistas de qu\u00e3o cobi\u00e7ado \u00e9 o voto feminino nesta reta final, por dois motivos principais: o primeiro \u00e9 que elas comp\u00f5em 52% do eleitorado do total; o segundo \u00e9 que o candidato mais bem colocado, Jair Bolsonaro, \u00e9 tamb\u00e9m o que tem o maior \u00edndice de rejei\u00e7\u00e3o feminina &#8211; 52%, segundo o Datafolha.<\/p>\n<p>Um exemplo dessa reprova\u00e7\u00e3o foi dado pelos protestos de s\u00e1bado, na campanha #EleN\u00e3o, organizados por mulheres em diversas cidades do pa\u00eds.<\/p>\n<p>O impacto das manifesta\u00e7\u00f5es lideradas por mulheres, no entanto, pode n\u00e3o ter tido o efeito desejado. Segundo uma\u00a0<a href=\"https:\/\/www.bbc.com\/portuguese\/brasil-45702409\" target=\"_blank\" rel=\"noopener\" data-id=\"89\" data-aaid=\"{&quot;i&quot;:89,&quot;p&quot;:81,&quot;n&quot;:&quot;partnerLink&quot;,&quot;y&quot;:24,&quot;o&quot;:8}\">pesquisa da USP<\/a>, a maior parte das ades\u00f5es ao protesto em S\u00e3o Paulo veio de mulheres que j\u00e1 rejeitavam o pol\u00edtico e o que se viu nas pesquisas posteriores foi justamente um avan\u00e7o de Bolsonaro entre eleitoras mulheres.<\/p>\n<p>Apesar de continuar l\u00edder na rejei\u00e7\u00e3o feminina, a pesquisa do Datafolha publicada na ter\u00e7a-feira mostra que o candidato do PSL cresceu em inten\u00e7\u00f5es de voto entre as mulheres, passando de 21% para 27%.<\/p>\n<p>&nbsp;<\/p>\n<figure style=\"width: 799px\" class=\"wp-caption alignnone\"><img decoding=\"async\" class=\"loaded\" src=\"https:\/\/c-5uwzmx78pmca09x24quo-a-uav-kwux2eisiuiqhmlx2evmb.g01.msn.com\/g00\/3_c-5eee.uav.kwu_\/c-5UWZMXPMCA09x24pbbx78ax3ax2fx2fquo-a-uav-kwu.isiuiqhml.vmbx2fbmvivbx2fiux78x2fmvbqbgqlx2fJJVZC2t.quox3fpx3d238x26ex3d577x26ux3d4x26yx3d48x26wx3dnx26tx3dnx26fx3d317x26gx3d194x26q98k.uizsx3dquiom_$\/$\/$\/$\/$\" alt=\"Protestos contra Bolsonaro: Protestos da campanha #EleN\u00e3o refletem alta rejei\u00e7\u00e3o de Bolsonaro entre mulheres, que s\u00e3o maioria dos eleitores\" width=\"799\" height=\"449\" data-aaijit=\"{&quot;default&quot;:{&quot;load&quot;:&quot;default&quot;,&quot;w&quot;:&quot;80&quot;,&quot;h&quot;:&quot;45&quot;,&quot;src&quot;:&quot;\/\/img-s-msn-com.akamaized.net\/tenant\/amp\/entityid\/BBNRU4l.img?h=450&amp;w=799&amp;m=6&amp;q=60&amp;o=f&amp;l=f&amp;x=539&amp;y=316&quot;},&quot;size3column&quot;:{&quot;load&quot;:&quot;default&quot;,&quot;w&quot;:&quot;62&quot;,&quot;h&quot;:&quot;35&quot;,&quot;src&quot;:&quot;\/\/img-s-msn-com.akamaized.net\/tenant\/amp\/entityid\/BBNRU4l.img?h=351&amp;w=624&amp;m=6&amp;q=60&amp;o=f&amp;l=f&amp;x=539&amp;y=316&quot;},&quot;size2column&quot;:{&quot;load&quot;:&quot;default&quot;,&quot;w&quot;:&quot;62&quot;,&quot;h&quot;:&quot;35&quot;,&quot;src&quot;:&quot;\/\/img-s-msn-com.akamaized.net\/tenant\/amp\/entityid\/BBNRU4l.img?h=351&amp;w=624&amp;m=6&amp;q=60&amp;o=f&amp;l=f&amp;x=539&amp;y=316&quot;}}\" \/><figcaption class=\"wp-caption-text\">\u00a9 AFP\u00a0Protestos da campanha #EleN\u00e3o refletem alta rejei\u00e7\u00e3o de Bolsonaro entre mulheres, que s\u00e3o maioria dos eleitores<\/figcaption><\/figure>\n<p>&nbsp;<\/p>\n<p>Do ponto de vista de Bolsonaro, que tem quase um ter\u00e7o das inten\u00e7\u00f5es totais de voto dispon\u00edveis, cerca de 20 pontos percentuais s\u00e3o de homens e 10 s\u00e3o de mulheres, aponta Carlos Melo.<\/p>\n<p>&#8220;Ou seja, um ter\u00e7o dos votos dele vem de mulheres que n\u00e3o foram sensibilizadas pelas falas (consideradas de cunho machista) ou pelas campanhas anti-Bolsonaro&#8221;, avalia Melo.<\/p>\n<p>Segundo dados levantados pela BBC News Brasil, nunca havia existido uma diferen\u00e7a t\u00e3o grande no voto de homens e mulheres no per\u00edodo p\u00f3s-ditadura.<\/p>\n<h3>4. Absten\u00e7\u00f5es, brancos e nulos<\/h3>\n<p>O percentual de eleitores que dizem pretender votar nulo, branco ou se abster caiu para 8% (tendo chegado a 22%), segundo o Datafolha, mas esse grupo ainda pode ter um papel muito relevante no pleito.<\/p>\n<p>Para Lucio Renn\u00f3, professor-associado do Instituto de Ci\u00eancia Pol\u00edtica da Universidade de Bras\u00edlia, as pesquisas de inten\u00e7\u00e3o de voto muitas vezes n\u00e3o captam plenamente o impacto das absten\u00e7\u00f5es e dos votos nulos e brancos porque nem sempre as pessoas admitem, durante a entrevista, a inten\u00e7\u00e3o de n\u00e3o comparecer \u00e0s urnas.<\/p>\n<p>&nbsp;<\/p>\n<figure style=\"width: 799px\" class=\"wp-caption alignnone\"><img decoding=\"async\" class=\"loaded\" src=\"https:\/\/c-5uwzmx78pmca09x24quo-a-uav-kwux2eisiuiqhmlx2evmb.g01.msn.com\/g00\/3_c-5eee.uav.kwu_\/c-5UWZMXPMCA09x24pbbx78ax3ax2fx2fquo-a-uav-kwu.isiuiqhml.vmbx2fbmvivbx2fiux78x2fmvbqbgqlx2fJJVZUCg.quox3fpx3d238x26ex3d577x26ux3d4x26yx3d48x26wx3dnx26tx3dnx26q98k.uizsx3dquiom_$\/$\/$\/$\/$\" alt=\"T\u00edtulo eleitoral: Nas elei\u00e7\u00f5es de 2014, absten\u00e7\u00e3o foi maior em Estados mais pobres, ressalta cientista pol\u00edtico\" width=\"799\" height=\"449\" data-aaijit=\"{&quot;default&quot;:{&quot;load&quot;:&quot;default&quot;,&quot;w&quot;:&quot;80&quot;,&quot;h&quot;:&quot;45&quot;,&quot;src&quot;:&quot;\/\/img-s-msn-com.akamaized.net\/tenant\/amp\/entityid\/BBNRMUy.img?h=450&amp;w=799&amp;m=6&amp;q=60&amp;o=f&amp;l=f&quot;},&quot;size3column&quot;:{&quot;load&quot;:&quot;default&quot;,&quot;w&quot;:&quot;62&quot;,&quot;h&quot;:&quot;35&quot;,&quot;src&quot;:&quot;\/\/img-s-msn-com.akamaized.net\/tenant\/amp\/entityid\/BBNRMUy.img?h=351&amp;w=624&amp;m=6&amp;q=60&amp;o=f&amp;l=f&quot;},&quot;size2column&quot;:{&quot;load&quot;:&quot;default&quot;,&quot;w&quot;:&quot;62&quot;,&quot;h&quot;:&quot;35&quot;,&quot;src&quot;:&quot;\/\/img-s-msn-com.akamaized.net\/tenant\/amp\/entityid\/BBNRMUy.img?h=351&amp;w=624&amp;m=6&amp;q=60&amp;o=f&amp;l=f&quot;}}\" \/><figcaption class=\"wp-caption-text\">Nas elei\u00e7\u00f5es de 2014, absten\u00e7\u00e3o foi maior em Estados mais pobres, ressalta cientista pol\u00edtico<\/figcaption><\/figure>\n<p>&nbsp;<\/p>\n<p>&#8220;A absten\u00e7\u00e3o pode ser influente, por se tratar de um pleito competitivo e porque as pesquisas t\u00eam sinalizado tend\u00eancias de voto, e n\u00e3o necessariamente a vota\u00e7\u00e3o absoluta dos candidatos&#8221;, diz ele.<\/p>\n<p>Analisando os dados da elei\u00e7\u00e3o de 2014, Renn\u00f3 identificou uma absten\u00e7\u00e3o maior nos Estados brasileiros mais pobres.<\/p>\n<p>A absten\u00e7\u00e3o e anula\u00e7\u00e3o s\u00e3o importantes porque acabam reduzindo o patamar necess\u00e1rio para um candidato ser eleito em primeiro turno &#8211; ele precisa ter mais da metade dos votos v\u00e1lidos, que excluem os nulos, brancos e absten\u00e7\u00f5es.<\/p>\n<p>Na elei\u00e7\u00e3o \u00e0 prefeitura de S\u00e3o Paulo em 2016, por exemplo, Jo\u00e3o Doria (hoje candidato ao governo do Estado) venceu com 53,2% dos votos \u00fateis, mas teve vota\u00e7\u00e3o menos expressiva (3,085 milh\u00f5es de votos) do que o total de eleitores que anulou ou se absteve (3,096 milh\u00f5es).<\/p>\n<p>E em um eventual segundo turno, ser\u00e1 que a absten\u00e7\u00e3o pode alcan\u00e7ar n\u00edveis recordes caso se confirme um cen\u00e1rio com dois candidatos com alta rejei\u00e7\u00e3o (Bolsonaro x Haddad)?<\/p>\n<p>Renn\u00f3 acha dif\u00edcil especular &#8211; e pensa que o efeito pode acabar sendo o oposto. &#8220;\u00c0s vezes, em um pleito mais competitivo, o comparecimento pode aumentar&#8221;, opina.<\/p>\n<p>Reis, da UFMG, acredita em efeito semelhante: &#8220;As pessoas est\u00e3o em posi\u00e7\u00e3o beligerante, ent\u00e3o o mais prov\u00e1vel \u00e9 que as pessoas votem no segundo turno no candidato a que tiverem menos avers\u00e3o, para neutralizar o advers\u00e1rio&#8221;.<\/p>\n<h3>5. O imponder\u00e1vel<\/h3>\n<p>Para Carlos Melo, do Insper, um \u00faltimo fator n\u00e3o pode ser descartado como potencial influenciador do voto na \u00faltima hora: o imprevis\u00edvel.<\/p>\n<p>&#8220;Alguma den\u00fancia nova, alguma dela\u00e7\u00e3o premiada ou algum esc\u00e2ndalo pode ter um efeito importante quando temos uma elei\u00e7\u00e3o acirrada &#8211; se voc\u00ea muda 10 pontos percentuais de um candidato para outro j\u00e1 vira um aumento de 20 pontos&#8221;, diz.<\/p>\n<p>Ele cita como exemplo novamente a disputa de 1988 pela prefeitura de S\u00e3o Paulo: seis dias antes da elei\u00e7\u00e3o, uma a\u00e7\u00e3o do Ex\u00e9rcito contra uma greve em sider\u00fargica de Volta Redonda (RJ) resultou na morte de tr\u00eas oper\u00e1rios, gerando uma onda de indigna\u00e7\u00e3o pelo pa\u00eds.<\/p>\n<p>Isso acabou influenciando o desempenho de Paulo Maluf (\u00e0 \u00e9poca visto como pr\u00f3ximo aos militares) nas urnas e gerando uma onda de apoio \u00e0 candidatura da ent\u00e3o petista Erundina.<\/p>\n","protected":false},"excerpt":{"rendered":"<p>Faltando menos de uma semana para que 140 milh\u00f5es de brasileiros escolham seu pr\u00f3ximo presidente em um pleito fragmentado e<\/p>\n","protected":false},"author":2,"featured_media":1723,"comment_status":"closed","ping_status":"open","sticky":false,"template":"","format":"standard","meta":{"footnotes":""},"categories":[8],"tags":[],"_mes":[],"_ano":[],"class_list":["post-1720","post","type-post","status-publish","format-standard","has-post-thumbnail","hentry","category-politica"],"_links":{"self":[{"href":"https:\/\/ajubemge.com.br\/site2\/wp-json\/wp\/v2\/posts\/1720","targetHints":{"allow":["GET"]}}],"collection":[{"href":"https:\/\/ajubemge.com.br\/site2\/wp-json\/wp\/v2\/posts"}],"about":[{"href":"https:\/\/ajubemge.com.br\/site2\/wp-json\/wp\/v2\/types\/post"}],"author":[{"embeddable":true,"href":"https:\/\/ajubemge.com.br\/site2\/wp-json\/wp\/v2\/users\/2"}],"replies":[{"embeddable":true,"href":"https:\/\/ajubemge.com.br\/site2\/wp-json\/wp\/v2\/comments?post=1720"}],"version-history":[{"count":2,"href":"https:\/\/ajubemge.com.br\/site2\/wp-json\/wp\/v2\/posts\/1720\/revisions"}],"predecessor-version":[{"id":1722,"href":"https:\/\/ajubemge.com.br\/site2\/wp-json\/wp\/v2\/posts\/1720\/revisions\/1722"}],"wp:featuredmedia":[{"embeddable":true,"href":"https:\/\/ajubemge.com.br\/site2\/wp-json\/wp\/v2\/media\/1723"}],"wp:attachment":[{"href":"https:\/\/ajubemge.com.br\/site2\/wp-json\/wp\/v2\/media?parent=1720"}],"wp:term":[{"taxonomy":"category","embeddable":true,"href":"https:\/\/ajubemge.com.br\/site2\/wp-json\/wp\/v2\/categories?post=1720"},{"taxonomy":"post_tag","embeddable":true,"href":"https:\/\/ajubemge.com.br\/site2\/wp-json\/wp\/v2\/tags?post=1720"},{"taxonomy":"_mes","embeddable":true,"href":"https:\/\/ajubemge.com.br\/site2\/wp-json\/wp\/v2\/_mes?post=1720"},{"taxonomy":"_ano","embeddable":true,"href":"https:\/\/ajubemge.com.br\/site2\/wp-json\/wp\/v2\/_ano?post=1720"}],"curies":[{"name":"wp","href":"https:\/\/api.w.org\/{rel}","templated":true}]}}