{"id":1386,"date":"2018-07-03T06:22:39","date_gmt":"2018-07-03T09:22:39","guid":{"rendered":"https:\/\/ajubemge.com.br\/site2\/?p=1386"},"modified":"2018-07-03T06:22:39","modified_gmt":"2018-07-03T09:22:39","slug":"ministerio-da-saude-alerta-para-risco-de-volta-da-poliomielite","status":"publish","type":"post","link":"https:\/\/ajubemge.com.br\/site2\/ministerio-da-saude-alerta-para-risco-de-volta-da-poliomielite\/","title":{"rendered":"Minist\u00e9rio da Sa\u00fade alerta para risco de volta da poliomielite"},"content":{"rendered":"<p>O\u00a0<strong>Minist\u00e9rio da Sa\u00fade<\/strong>\u00a0alertou que todas as localidades com\u00a0cobertura vacinal contra\u00a0<strong>poliomielite<\/strong>\u00a0abaixo de 95% est\u00e3o sob amea\u00e7a de surto da doen\u00e7a, destacando 312 munic\u00edpios brasileiros \u2013 especialmente na Bahia, onde a vacina\u00e7\u00e3o contra a doen\u00e7a n\u00e3o chegou a atingir 50% da popula\u00e7\u00e3o.<\/p>\n<p>Apesar de\u00a0o Brasil\u00a0n\u00e3o registrar casos de poliomielite h\u00e1 28 anos,\u00a0a\u00a0resist\u00eancia dos pais e m\u00e3es em imunizar os filhos contra a doen\u00e7a tem aumentado o risco de novos casos. De acordo com o\u00a0<strong>Organiza\u00e7\u00e3o Mundial da Sa\u00fade (OMS)<\/strong>a poliomielite foi erradicada nas Am\u00e9ricas em 1994, embora no m\u00eas passado a Venezuela tenha registrado o primeiro caso em anos.<\/p>\n<p>Segundo informa\u00e7\u00f5es da\u00a0<em>Ag\u00eancia Brasil,\u00a0<\/em>entre as cidades onde a situa\u00e7\u00e3o \u00e9 mais grave,\u00a015% dos casos est\u00e3o na Bahia e\u00a014,29% no Maranh\u00e3o, ambos na regi\u00e3o Nordeste do pa\u00eds. No Sudeste, S\u00e3o Paulo tem 44 munic\u00edpios sob alerta; no Esp\u00edrito Santo n\u00e3o h\u00e1 cidades com risco elevado, assim como em Bras\u00edlia (DF) e Rond\u00f4nia. \u201cUma cidade com esses indicadores tem todas as condi\u00e7\u00f5es de voltar a transmitir a doen\u00e7a em nosso Pa\u00eds. Ser\u00e1 um desastre para a sa\u00fade como um todo\u201d, comentou\u00a0Carla Domingues,\u00a0coordenadora do Programa de Imuniza\u00e7\u00e3o, durante reuni\u00e3o com secret\u00e1rios estaduais e municipais de sa\u00fade.<\/p>\n<h3>Campanha de Vacina\u00e7\u00e3o<\/h3>\n<p>Devido aos casos de poliomielite registrados recentemente na Venezuela, o Minist\u00e9rio da Sa\u00fade informou no m\u00eas passado que a\u00a0<strong>campanha de vacina\u00e7\u00e3o<\/strong>\u00a0contra doen\u00e7a no pa\u00eds deve recome\u00e7ar no m\u00eas que vem: do dia 6 a 31 de agosto.\u00a0Nos dois \u00faltimos anos a campanha aconteceu em setembro.<\/p>\n<p>Em 2017, 22 unidades da federa\u00e7\u00e3o n\u00e3o atingiram a cobertura considerada ideal durante a campanha: pelo menos 800 mil crian\u00e7as ficaram sem o esquema vacinal completo, que compreende tr\u00eas doses do imunizante.<\/p>\n<p>Diante dessa realidade, o Minist\u00e9rio orienta os gestores locais a organizarem as redes de preven\u00e7\u00e3o, levantando a possibilidade de readequa\u00e7\u00e3o de hor\u00e1rios para que sejam compat\u00edveis com a rotina da popula\u00e7\u00e3o brasileira. A pasta ainda recomenda o refor\u00e7o de parcerias com creches e escolas, para ajudar na mobiliza\u00e7\u00e3o sobre a vacina.<\/p>\n<h3>Poliomielite<\/h3>\n<p>Tamb\u00e9m conhecida como\u00a0<strong>paralisia infantil<\/strong>, a poliomielite \u00e9 causada por um v\u00edrus\u00a0que vive no intestino (<strong>poliov\u00edrus<\/strong>), atingindo crian\u00e7as com menos de 4 anos, mas pode contaminar adultos tamb\u00e9m. A doen\u00e7a pode\u00a0ser transmitida de uma pessoa para outra por meio de saliva e fezes, assim como \u00e1gua e alimentos contaminados.<\/p>\n<p>A maioria das infec\u00e7\u00f5es apresenta poucos sintomas, geralmente semelhantes \u00e0s infec\u00e7\u00f5es respirat\u00f3rias (febre e dor de garganta) e gastrointestinais (n\u00e1usea, v\u00f4mito e pris\u00e3o de ventre). A\u00a0<strong>forma paral\u00edtica da poliomielite<\/strong>\u00a0pode atingir cerca de 1% dos infectados pelo v\u00edrus, podendo causar sequelas permanentes, insufici\u00eancia respirat\u00f3ria e, em alguns casos, levar \u00e0 morte.<\/p>\n<p>Apesar de n\u00e3o ter um tratamento espec\u00edfico, \u00e9 poss\u00edvel prevenir a doen\u00e7a atrav\u00e9s da vacina\u00e7\u00e3o, que \u00e9 oferecida pelos postos da rede p\u00fablica de sa\u00fade.\u00a0O esquema de\u00a0vacina\u00e7\u00e3o contra a poliomielite\u00a0oral trivalente deve ser administrada aos 2, 4 e 6 meses de vida. O primeiro refor\u00e7o \u00e9 feito aos 15 meses e o outro entre 4 e 6 anos de idade.<\/p>\n","protected":false},"excerpt":{"rendered":"<p>O\u00a0Minist\u00e9rio da Sa\u00fade\u00a0alertou que todas as localidades com\u00a0cobertura vacinal contra\u00a0poliomielite\u00a0abaixo de 95% est\u00e3o sob amea\u00e7a de surto da doen\u00e7a, destacando<\/p>\n","protected":false},"author":2,"featured_media":1387,"comment_status":"closed","ping_status":"open","sticky":false,"template":"","format":"standard","meta":{"footnotes":""},"categories":[7],"tags":[],"_mes":[],"_ano":[],"class_list":["post-1386","post","type-post","status-publish","format-standard","has-post-thumbnail","hentry","category-saude"],"_links":{"self":[{"href":"https:\/\/ajubemge.com.br\/site2\/wp-json\/wp\/v2\/posts\/1386","targetHints":{"allow":["GET"]}}],"collection":[{"href":"https:\/\/ajubemge.com.br\/site2\/wp-json\/wp\/v2\/posts"}],"about":[{"href":"https:\/\/ajubemge.com.br\/site2\/wp-json\/wp\/v2\/types\/post"}],"author":[{"embeddable":true,"href":"https:\/\/ajubemge.com.br\/site2\/wp-json\/wp\/v2\/users\/2"}],"replies":[{"embeddable":true,"href":"https:\/\/ajubemge.com.br\/site2\/wp-json\/wp\/v2\/comments?post=1386"}],"version-history":[{"count":1,"href":"https:\/\/ajubemge.com.br\/site2\/wp-json\/wp\/v2\/posts\/1386\/revisions"}],"predecessor-version":[{"id":1388,"href":"https:\/\/ajubemge.com.br\/site2\/wp-json\/wp\/v2\/posts\/1386\/revisions\/1388"}],"wp:featuredmedia":[{"embeddable":true,"href":"https:\/\/ajubemge.com.br\/site2\/wp-json\/wp\/v2\/media\/1387"}],"wp:attachment":[{"href":"https:\/\/ajubemge.com.br\/site2\/wp-json\/wp\/v2\/media?parent=1386"}],"wp:term":[{"taxonomy":"category","embeddable":true,"href":"https:\/\/ajubemge.com.br\/site2\/wp-json\/wp\/v2\/categories?post=1386"},{"taxonomy":"post_tag","embeddable":true,"href":"https:\/\/ajubemge.com.br\/site2\/wp-json\/wp\/v2\/tags?post=1386"},{"taxonomy":"_mes","embeddable":true,"href":"https:\/\/ajubemge.com.br\/site2\/wp-json\/wp\/v2\/_mes?post=1386"},{"taxonomy":"_ano","embeddable":true,"href":"https:\/\/ajubemge.com.br\/site2\/wp-json\/wp\/v2\/_ano?post=1386"}],"curies":[{"name":"wp","href":"https:\/\/api.w.org\/{rel}","templated":true}]}}