{"id":1221,"date":"2018-05-22T06:54:36","date_gmt":"2018-05-22T09:54:36","guid":{"rendered":"https:\/\/ajubemge.com.br\/site2\/?p=1221"},"modified":"2018-05-22T06:58:43","modified_gmt":"2018-05-22T09:58:43","slug":"fazer-exercicios-nao-freia-avanco-da-demencia-indica-pesquisa","status":"publish","type":"post","link":"https:\/\/ajubemge.com.br\/site2\/fazer-exercicios-nao-freia-avanco-da-demencia-indica-pesquisa\/","title":{"rendered":"Fazer exerc\u00edcios n\u00e3o freia avan\u00e7o da dem\u00eancia, indica pesquisa"},"content":{"rendered":"<p>Exerc\u00edcios f\u00edsicos para pessoas com sintomas de dem\u00eancia leve ou moderada &#8220;n\u00e3o funcionam&#8221;, de acordo com estudo publicado na revista acad\u00eamica British Medical Journal.<\/p>\n<p>Os cientistas queriam testar sugest\u00f5es, feitas por estudos anteriores, de que exerc\u00edcios poderiam prevenir o decl\u00ednio de habilidades cognitivas, como no caso de pacientes com Alzheimer.<\/p>\n<p>Os pesquisadores disseram que n\u00e3o identificaram melhora nas habilidades de racioc\u00ednio ou no comportamento da doen\u00e7a ao analisar os casos de mais de 300 pessoas na casa dos 70 anos que fizeram exerc\u00edcios aer\u00f3bicos e de for\u00e7a durante quatro meses.<\/p>\n<p>O lado positivo foi que o condicionamento f\u00edsico dos que participaram da pesquisa melhorou. Mas foi constatado que, 12 meses depois, as habilidades cognitivas das pessoas que fizeram exerc\u00edcios tiveram um decl\u00ednio levemente maior do que pessoas que n\u00e3o fizeram.<\/p>\n<p>Novos testes devem ser feitos para explorar outras formas de exerc\u00edcios, dizem os pesquisadores, da Universidade de Oxford.<\/p>\n<p>Mas, atualmente, a ideia de criar programas de atividades f\u00edsicas para pacientes com dem\u00eancia, estudada pelo NHS, o sistema de sa\u00fade p\u00fablica brit\u00e2nico, n\u00e3o parece ser um bom investimento, na avalia\u00e7\u00e3o dos pesquisadores.<\/p>\n<h3>Bicicleta e levantamento de peso<\/h3>\n<p>No estudo, 329 pacientes com dem\u00eancia fizeram exerc\u00edcios em uma academia por 60 a 90 minutos duas vezes por semana, num per\u00edodo de quatro meses.<\/p>\n<p>Eles fizeram pelo menos 20 minutos de bicicleta e tamb\u00e9m ergueram pesos leves enquanto se erguiam de uma cadeira.<\/p>\n<p>Os pacientes que participaram do estudo tamb\u00e9m foram orientados a fazer exerc\u00edcio em casa por uma hora toda semana.<\/p>\n<p>Esse grupo que fez exerc\u00edcio foi avaliado e comparado com um grupo de 165 pessoas &#8211; tamb\u00e9m com dem\u00eancia &#8211; que receberam cuidados convencionais.<\/p>\n<p>&nbsp;<\/p>\n<figure style=\"width: 728px\" class=\"wp-caption alignnone\"><img fetchpriority=\"high\" decoding=\"async\" class=\" loaded\" src=\"https:\/\/img-s-msn-com.akamaized.net\/tenant\/amp\/entityid\/AAxqEPc.img?h=410&amp;w=728&amp;m=6&amp;q=60&amp;o=f&amp;l=f&amp;x=444&amp;y=127\" alt=\"idosas olham uma pessoa jogando xadrez: Especialistas acreditam que iniciar um regime de exerc\u00edcios uma vez que a doen\u00e7a esteja bem estabelecida pode ter valor limitado\" width=\"728\" height=\"410\" data--aihs=\"{&quot;default&quot;:{&quot;load&quot;:&quot;default&quot;,&quot;w&quot;:&quot;73&quot;,&quot;h&quot;:&quot;41&quot;,&quot;src&quot;:&quot;\/\/img-s-msn-com.akamaized.net\/tenant\/amp\/entityid\/AAxqEPc.img?h=410&amp;w=728&amp;m=6&amp;q=60&amp;o=f&amp;l=f&amp;x=444&amp;y=127&quot;},&quot;size3column&quot;:{&quot;load&quot;:&quot;default&quot;,&quot;w&quot;:&quot;62&quot;,&quot;h&quot;:&quot;35&quot;,&quot;src&quot;:&quot;\/\/img-s-msn-com.akamaized.net\/tenant\/amp\/entityid\/AAxqEPc.img?h=351&amp;w=624&amp;m=6&amp;q=60&amp;o=f&amp;l=f&amp;x=444&amp;y=127&quot;},&quot;size2column&quot;:{&quot;load&quot;:&quot;default&quot;,&quot;w&quot;:&quot;62&quot;,&quot;h&quot;:&quot;35&quot;,&quot;src&quot;:&quot;\/\/img-s-msn-com.akamaized.net\/tenant\/amp\/entityid\/AAxqEPc.img?h=351&amp;w=624&amp;m=6&amp;q=60&amp;o=f&amp;l=f&amp;x=444&amp;y=127&quot;}}\" \/><figcaption class=\"wp-caption-text\"><span style=\"font-family: arial, helvetica, sans-serif;\">Especialistas acreditam que iniciar um regime de exerc\u00edcios uma vez que a doen\u00e7a esteja bem estabelecida pode ter valor limitado<\/span><\/figcaption><\/figure>\n<p>&nbsp;<\/p>\n<p>Sallie Lamb, que comandou a pesquisa, disse que os resultados revelaram que apesar da n\u00edtida melhora na condi\u00e7\u00e3o f\u00edsica, esses benef\u00edcios &#8220;n\u00e3o se traduzem em melhoras nas habilidades cognitivas, nas atividades da vida di\u00e1ria, comportamento ou na qualidade de vida relacionada \u00e0 sa\u00fade&#8221;, disse ela.<\/p>\n<p>Ap\u00f3s 12 meses, testes de comprometimento cognitivo mostraram decl\u00ednio nos dois grupos &#8211; mas um decl\u00ednio levemente maior no grupo dos que fizeram exerc\u00edcios.<\/p>\n<p>Martin Rossor, professor de neurologia cl\u00ednica da University College London, diz que os resultados do estudo n\u00e3o surpreendem uma vez que a degenera\u00e7\u00e3o do c\u00e9rebro come\u00e7a muitos anos antes dos sintomas como, por exemplo, em casos de Alzheimer.<\/p>\n<p>&#8220;Portanto, a mensagem \u00e9 que o exerc\u00edcio \u00e9 bom, mas iniciar um regime de exerc\u00edcios uma vez que a doen\u00e7a esteja bem estabelecida pode ter valor limitado&#8221;, acrescenta.<\/p>\n<p>Sara Imarisio, que comanda o centro de pesquisas Alzheimer&#8217;s Research UK, no Reino Unido, diz que outras formas de atividades f\u00edsicas poderiam ter outros efeitos e que elas devem ser pesquisadas no futuro.<\/p>\n<p>&nbsp;<\/p>\n<figure style=\"width: 728px\" class=\"wp-caption alignnone\"><img decoding=\"async\" class=\" loaded\" src=\"https:\/\/img-s-msn-com.akamaized.net\/tenant\/amp\/entityid\/AAxqzQ7.img?h=410&amp;w=728&amp;m=6&amp;q=60&amp;o=f&amp;l=f&amp;x=358&amp;y=112\" alt=\"Idosos fazendo exerc\u00edcio num parque: Atividades f\u00edsicas tamb\u00e9m podem ajudar na intera\u00e7\u00e3o social\" width=\"728\" height=\"410\" data--aihs=\"{&quot;default&quot;:{&quot;load&quot;:&quot;default&quot;,&quot;w&quot;:&quot;73&quot;,&quot;h&quot;:&quot;41&quot;,&quot;src&quot;:&quot;\/\/img-s-msn-com.akamaized.net\/tenant\/amp\/entityid\/AAxqzQ7.img?h=410&amp;w=728&amp;m=6&amp;q=60&amp;o=f&amp;l=f&amp;x=358&amp;y=112&quot;},&quot;size3column&quot;:{&quot;load&quot;:&quot;default&quot;,&quot;w&quot;:&quot;62&quot;,&quot;h&quot;:&quot;35&quot;,&quot;src&quot;:&quot;\/\/img-s-msn-com.akamaized.net\/tenant\/amp\/entityid\/AAxqzQ7.img?h=351&amp;w=624&amp;m=6&amp;q=60&amp;o=f&amp;l=f&amp;x=358&amp;y=112&quot;},&quot;size2column&quot;:{&quot;load&quot;:&quot;default&quot;,&quot;w&quot;:&quot;62&quot;,&quot;h&quot;:&quot;35&quot;,&quot;src&quot;:&quot;\/\/img-s-msn-com.akamaized.net\/tenant\/amp\/entityid\/AAxqzQ7.img?h=351&amp;w=624&amp;m=6&amp;q=60&amp;o=f&amp;l=f&amp;x=358&amp;y=112&quot;}}\" \/><figcaption class=\"wp-caption-text\"><span style=\"font-family: arial, helvetica, sans-serif;\">Atividades f\u00edsicas tamb\u00e9m podem ajudar na intera\u00e7\u00e3o social<\/span><\/figcaption><\/figure>\n<p>&nbsp;<\/p>\n<p>Ela afirma ainda que s\u00e3o muitos os benef\u00edcios dos exerc\u00edcios f\u00edsicos, al\u00e9m de fazer bem \u00e0 sa\u00fade.<\/p>\n<p>&#8220;Para muitas pessoas, o exerc\u00edcio pode ser uma fonte de prazer e proporcionar oportunidades valiosas para intera\u00e7\u00e3o social&#8221;, avalia. &#8220;Isso se aplica \u00e0s pessoas que vivem com dem\u00eancia tanto quanto a qualquer outra pessoa&#8221;, completa Imarisio.<\/p>\n<p>Por isso, apesar dos resultados do estudo, especialistas ainda recomendam exerc\u00edcios f\u00edsicos, vistos como uma das melhores maneiras de reduzir o risco de contrair dem\u00eancia em idosos saud\u00e1veis. E avaliam que mais pesquisas s\u00e3o necess\u00e1rias para elaborar um programa de exerc\u00edcios que seja realmente eficiente para melhorar as condi\u00e7\u00f5es de sa\u00fade do c\u00e9rebro em quem j\u00e1 tem algum tipo de dem\u00eancia.<\/p>\n<p><em>Fonte: BBC<\/em><\/p>\n","protected":false},"excerpt":{"rendered":"<p>Exerc\u00edcios f\u00edsicos para pessoas com sintomas de dem\u00eancia leve ou moderada &#8220;n\u00e3o funcionam&#8221;, de acordo com estudo publicado na revista<\/p>\n","protected":false},"author":2,"featured_media":1222,"comment_status":"closed","ping_status":"open","sticky":false,"template":"","format":"standard","meta":{"footnotes":""},"categories":[7],"tags":[],"_mes":[],"_ano":[],"class_list":["post-1221","post","type-post","status-publish","format-standard","has-post-thumbnail","hentry","category-saude"],"_links":{"self":[{"href":"https:\/\/ajubemge.com.br\/site2\/wp-json\/wp\/v2\/posts\/1221","targetHints":{"allow":["GET"]}}],"collection":[{"href":"https:\/\/ajubemge.com.br\/site2\/wp-json\/wp\/v2\/posts"}],"about":[{"href":"https:\/\/ajubemge.com.br\/site2\/wp-json\/wp\/v2\/types\/post"}],"author":[{"embeddable":true,"href":"https:\/\/ajubemge.com.br\/site2\/wp-json\/wp\/v2\/users\/2"}],"replies":[{"embeddable":true,"href":"https:\/\/ajubemge.com.br\/site2\/wp-json\/wp\/v2\/comments?post=1221"}],"version-history":[{"count":4,"href":"https:\/\/ajubemge.com.br\/site2\/wp-json\/wp\/v2\/posts\/1221\/revisions"}],"predecessor-version":[{"id":1224,"href":"https:\/\/ajubemge.com.br\/site2\/wp-json\/wp\/v2\/posts\/1221\/revisions\/1224"}],"wp:featuredmedia":[{"embeddable":true,"href":"https:\/\/ajubemge.com.br\/site2\/wp-json\/wp\/v2\/media\/1222"}],"wp:attachment":[{"href":"https:\/\/ajubemge.com.br\/site2\/wp-json\/wp\/v2\/media?parent=1221"}],"wp:term":[{"taxonomy":"category","embeddable":true,"href":"https:\/\/ajubemge.com.br\/site2\/wp-json\/wp\/v2\/categories?post=1221"},{"taxonomy":"post_tag","embeddable":true,"href":"https:\/\/ajubemge.com.br\/site2\/wp-json\/wp\/v2\/tags?post=1221"},{"taxonomy":"_mes","embeddable":true,"href":"https:\/\/ajubemge.com.br\/site2\/wp-json\/wp\/v2\/_mes?post=1221"},{"taxonomy":"_ano","embeddable":true,"href":"https:\/\/ajubemge.com.br\/site2\/wp-json\/wp\/v2\/_ano?post=1221"}],"curies":[{"name":"wp","href":"https:\/\/api.w.org\/{rel}","templated":true}]}}