{"id":119,"date":"2017-06-22T06:44:12","date_gmt":"2017-06-22T09:44:12","guid":{"rendered":"https:\/\/ajubemge.com.br\/site2\/2017\/06\/22\/cartilha-de-direitos-da-3a-idade-pode-ser-baixada-gratuitamente\/"},"modified":"2022-04-14T12:36:08","modified_gmt":"2022-04-14T15:36:08","slug":"cartilha-de-direitos-da-3a-idade-pode-ser-baixada-gratuitamente","status":"publish","type":"post","link":"https:\/\/ajubemge.com.br\/site2\/cartilha-de-direitos-da-3a-idade-pode-ser-baixada-gratuitamente\/","title":{"rendered":"Cartilha de direitos da 3\u00aa idade pode ser baixada gratuitamente"},"content":{"rendered":"<p><span style=\"font-size: 12px;\"><span style=\"font-family: arial,helvetica,sans-serif;\">Ao atingir a idade de 60 anos, o idoso continua a ter os mesmos direitos que todos os cidad\u00e3os. O Estatuto do Idoso tamb\u00e9m determina que o idoso ter\u00e1 direito \u00e0 prote\u00e7\u00e3o integral e prev\u00ea alguns direitos espec\u00edicos.\u00a0<br style=\"font-family: arial, san-serif; font-size: 14px;\" \/> <br style=\"font-family: arial, san-serif; font-size: 14px;\" \/> O\u00a0<span class=\"auto-style31\" style=\"color: #df0029;\"><strong>&#8216;Guia Pr\u00e1tico de Direitos da Pessoa Idosa&#8217;<\/strong><\/span>\u00a0pretende auxiliar as pessoas idosas e a sociedade a conhecer os direitos previstos no Estatuto do Idoso e orientar sobre como e onde exigir respeito a tais direitos. Confira esta e outras cartilhas sobre seus direitos abaixo.<br style=\"font-family: arial, san-serif; font-size: 14px;\" \/> <br style=\"font-family: arial, san-serif; font-size: 14px;\" \/> <strong style=\"font-family: arial, san-serif; font-size: 14px;\">Baixe sua cartilha<\/strong><br style=\"font-family: arial, san-serif; font-size: 14px;\" \/> <br style=\"font-family: arial, san-serif; font-size: 14px;\" \/> Escolha a cartilha que voc\u00ea deseja visualizar e baixar em seu computador (clique na figura desejada para baixar a cartilha em seu computador, gratuitamente):\u00a0http:\/\/www.portalterceiraidade.org.br\/pdf_files\/guia_pratico_de_direitos_da_pessoa_idosa.pdf<\/span><\/span><\/p>\n<p><span style=\"font-size: 11px;\"><span style=\"font-family: arial,helvetica,sans-serif;\">Fonte: Portal da Terceira Idade<\/span><\/span><\/p>\n<p>&nbsp;<\/p>\n<p>&nbsp;<\/p>\n","protected":false},"excerpt":{"rendered":"<p>Ao atingir a idade de 60 anos, o idoso continua a ter os mesmos direitos que todos os cidad\u00e3os. O<\/p>\n","protected":false},"author":2,"featured_media":379,"comment_status":"open","ping_status":"open","sticky":false,"template":"","format":"standard","meta":{"footnotes":""},"categories":[6],"tags":[],"_mes":[],"_ano":[],"class_list":["post-119","post","type-post","status-publish","format-standard","has-post-thumbnail","hentry","category-noticias"],"_links":{"self":[{"href":"https:\/\/ajubemge.com.br\/site2\/wp-json\/wp\/v2\/posts\/119","targetHints":{"allow":["GET"]}}],"collection":[{"href":"https:\/\/ajubemge.com.br\/site2\/wp-json\/wp\/v2\/posts"}],"about":[{"href":"https:\/\/ajubemge.com.br\/site2\/wp-json\/wp\/v2\/types\/post"}],"author":[{"embeddable":true,"href":"https:\/\/ajubemge.com.br\/site2\/wp-json\/wp\/v2\/users\/2"}],"replies":[{"embeddable":true,"href":"https:\/\/ajubemge.com.br\/site2\/wp-json\/wp\/v2\/comments?post=119"}],"version-history":[{"count":1,"href":"https:\/\/ajubemge.com.br\/site2\/wp-json\/wp\/v2\/posts\/119\/revisions"}],"predecessor-version":[{"id":378,"href":"https:\/\/ajubemge.com.br\/site2\/wp-json\/wp\/v2\/posts\/119\/revisions\/378"}],"wp:featuredmedia":[{"embeddable":true,"href":"https:\/\/ajubemge.com.br\/site2\/wp-json\/wp\/v2\/media\/379"}],"wp:attachment":[{"href":"https:\/\/ajubemge.com.br\/site2\/wp-json\/wp\/v2\/media?parent=119"}],"wp:term":[{"taxonomy":"category","embeddable":true,"href":"https:\/\/ajubemge.com.br\/site2\/wp-json\/wp\/v2\/categories?post=119"},{"taxonomy":"post_tag","embeddable":true,"href":"https:\/\/ajubemge.com.br\/site2\/wp-json\/wp\/v2\/tags?post=119"},{"taxonomy":"_mes","embeddable":true,"href":"https:\/\/ajubemge.com.br\/site2\/wp-json\/wp\/v2\/_mes?post=119"},{"taxonomy":"_ano","embeddable":true,"href":"https:\/\/ajubemge.com.br\/site2\/wp-json\/wp\/v2\/_ano?post=119"}],"curies":[{"name":"wp","href":"https:\/\/api.w.org\/{rel}","templated":true}]}}